{"id":10894,"date":"2025-09-27T23:53:35","date_gmt":"2025-09-28T03:53:35","guid":{"rendered":"https:\/\/www.archspm.org\/?p=10894"},"modified":"2025-09-27T23:53:35","modified_gmt":"2025-09-28T03:53:35","slug":"appointments-september-25-2025","status":"publish","type":"post","link":"https:\/\/www.archspm.org\/es\/appointments-september-25-2025\/","title":{"rendered":"Nombramientos - 25 de septiembre de 2025"},"content":{"rendered":"<h3>El arzobispo Bernard Hebda ha anunciado los siguientes nombramientos en la archidi\u00f3cesis de Saint Paul y Minneapolis:<\/h3>\n<h3>A partir del 4 de septiembre de 2025.<\/h3>\n<p><strong>Reverendo Peter Ly,<\/strong>\u00a0asignado como administrador parroquial de la Iglesia de San Jer\u00f3nimo en Maplewood. Esto se suma a su actual cargo como p\u00e1rroco de la Iglesia de la Presentaci\u00f3n de la Sant\u00edsima Virgen Mar\u00eda en Maplewood.<\/p>\n<h3>A partir del 5 de septiembre de 2025.<\/h3>\n<p><strong>Reverendo Stefano Motta, FSCB,<\/strong>\u00a0asignado como ministro sacramental de la Iglesia de Nuestra Se\u00f1ora de Guadalupe en Saint Paul. Esto se suma a su actual cargo como vicario parroquial de la Iglesia de San Pedro en North Saint Paul.<\/p>\n<p><strong>Reverendo Stephen Ulrick<\/strong>, asignado como ministro del clero. El padre Ulrick es un sacerdote jubilado de la arquidi\u00f3cesis.<\/p>\n<h3>A partir del 8 de septiembre de 2025<\/h3>\n<p><strong>Reverendo Daniel Westermann,<\/strong>\u00a0se le concedieron las facultades de la archidi\u00f3cesis y fue nombrado director espiritual y formador del Seminario Universitario San Juan Vianey en Saint Paul. El padre Westermann es sacerdote de la Di\u00f3cesis de Lansing.<\/p>\n<h3>A partir del 1 de octubre de 2025<\/h3>\n<p><strong>Reverendo Touchard Tignoua Goula<\/strong>, se le concedieron facultades de la arquidi\u00f3cesis y se le asign\u00f3 como vicario parroquial de la Iglesia de Santa Odilia en Shoreview. El padre Touchard es sacerdote de la Di\u00f3cesis de Santo Tom\u00e1s en las Islas V\u00edrgenes.<\/p>","protected":false},"excerpt":{"rendered":"<p>El arzobispo Bernard Hebda ha anunciado los siguientes nombramientos en la Arquidi\u00f3cesis de Saint Paul y Minneapolis:<\/p>","protected":false},"author":2,"featured_media":7113,"comment_status":"closed","ping_status":"closed","sticky":false,"template":"","format":"standard","meta":{"footnotes":""},"categories":[14],"tags":[],"class_list":["post-10894","post","type-post","status-publish","format-standard","has-post-thumbnail","hentry","category-announcements"],"_links":{"self":[{"href":"https:\/\/www.archspm.org\/es\/wp-json\/wp\/v2\/posts\/10894","targetHints":{"allow":["GET"]}}],"collection":[{"href":"https:\/\/www.archspm.org\/es\/wp-json\/wp\/v2\/posts"}],"about":[{"href":"https:\/\/www.archspm.org\/es\/wp-json\/wp\/v2\/types\/post"}],"author":[{"embeddable":true,"href":"https:\/\/www.archspm.org\/es\/wp-json\/wp\/v2\/users\/2"}],"replies":[{"embeddable":true,"href":"https:\/\/www.archspm.org\/es\/wp-json\/wp\/v2\/comments?post=10894"}],"version-history":[{"count":0,"href":"https:\/\/www.archspm.org\/es\/wp-json\/wp\/v2\/posts\/10894\/revisions"}],"wp:featuredmedia":[{"embeddable":true,"href":"https:\/\/www.archspm.org\/es\/wp-json\/wp\/v2\/media\/7113"}],"wp:attachment":[{"href":"https:\/\/www.archspm.org\/es\/wp-json\/wp\/v2\/media?parent=10894"}],"wp:term":[{"taxonomy":"category","embeddable":true,"href":"https:\/\/www.archspm.org\/es\/wp-json\/wp\/v2\/categories?post=10894"},{"taxonomy":"post_tag","embeddable":true,"href":"https:\/\/www.archspm.org\/es\/wp-json\/wp\/v2\/tags?post=10894"}],"curies":[{"name":"wp","href":"https:\/\/api.w.org\/{rel}","templated":true}]}}