{"id":11094,"date":"2025-10-01T16:45:10","date_gmt":"2025-10-01T20:45:10","guid":{"rendered":"https:\/\/www.archspm.org\/?p=11094"},"modified":"2025-10-01T16:45:10","modified_gmt":"2025-10-01T20:45:10","slug":"usccb-pastoral-invitation-for-reflection","status":"publish","type":"post","link":"https:\/\/www.archspm.org\/es\/usccb-pastoral-invitation-for-reflection\/","title":{"rendered":"\"Os ruego que ve\u00e1is a Cristo en cada persona, incluso en aquellas a cuya pol\u00edtica os opon\u00e9is\", dice el arzobispo Broglio en una invitaci\u00f3n pastoral a la reflexi\u00f3n"},"content":{"rendered":"<p><strong><a href=\"https:\/\/www.archspm.org\/wp-content\/uploads\/2025\/10\/USCCB_Logo_H_FullColor_RGB.jpg\"><img decoding=\"async\" class=\"alignright size-medium wp-image-11096\" src=\"https:\/\/www.archspm.org\/wp-content\/uploads\/2025\/10\/USCCB_Logo_H_FullColor_RGB-300x90.jpg\" alt=\"\" width=\"300\" height=\"90\" srcset=\"https:\/\/www.archspm.org\/wp-content\/uploads\/2025\/10\/USCCB_Logo_H_FullColor_RGB-300x90.jpg 300w, https:\/\/www.archspm.org\/wp-content\/uploads\/2025\/10\/USCCB_Logo_H_FullColor_RGB-18x5.jpg 18w, https:\/\/www.archspm.org\/wp-content\/uploads\/2025\/10\/USCCB_Logo_H_FullColor_RGB.jpg 600w\" sizes=\"(max-width: 300px) 100vw, 300px\" \/><\/a>Fuente<\/strong>:\u00a0<a href=\"https:\/\/www.usccb.org\/news\/2025\/i-beg-you-see-christ-every-person-even-those-whose-politics-you-oppose-says-archbishop\" target=\"_blank\" rel=\"noopener\">Conferencia Episcopal de Estados Unidos<\/a><\/p>\n<p>En el quinto aniversario de <a href=\"https:\/\/www.vatican.va\/content\/francesco\/en\/encyclicals\/documents\/papa-francesco_20201003_enciclica-fratelli-tutti.html\" target=\"_blank\" rel=\"noopener\"><em>Hermanos todos<\/em><\/a>, la carta enc\u00edclica del papa Francisco sobre la fraternidad y la amistad social, el arzobispo Timothy P. Broglio, presidente de la Conferencia de Obispos Cat\u00f3licos de Estados Unidos, public\u00f3 una invitaci\u00f3n a la reflexi\u00f3n.<\/p>\n<p>Animando a todos los estadounidenses a reflexionar sobre el valor de cada vida humana y a ver a Cristo en cada persona, incluso en aquellos que tienen opiniones diferentes, lanz\u00f3 el siguiente desaf\u00edo: \u201cCada uno de nosotros debe examinar su coraz\u00f3n, sus pensamientos y sus acciones, y preguntarse c\u00f3mo contribuye a la polarizaci\u00f3n y la animosidad que azotan a nuestra naci\u00f3n. Tambi\u00e9n debemos poner en pr\u00e1ctica aquellos comportamientos que pueden ayudarnos a comenzar a sanar las divisiones entre nosotros\u201d.\u201d<\/p>\n<p>Lea la reflexi\u00f3n del arzobispo Broglio:<\/p>\n<p><strong>\u201cVen, Esp\u00edritu Santo, mu\u00e9stranos tu belleza, reflejada en todos los pueblos de la tierra\u201d.\u201d<\/strong><\/p>\n<p>Como pastor de los miembros del servicio uniformado de nuestra naci\u00f3n y sus familias, he conocido el dolor que la violencia de la guerra inflige a hombres y mujeres y a sus seres m\u00e1s cercanos. Los capellanes militares capacitados trabajan incansablemente para ayudar a los miembros del servicio y a sus familias a sanar las heridas de la guerra. Este ministerio ha cambiado mi vida para siempre. Hoy en d\u00eda, actos de violencia atroces se han infiltrado en la vida cotidiana de demasiados estadounidenses, una experiencia que, tr\u00e1gicamente, muchos civiles de todo el mundo han soportado durante mucho tiempo. Lugares que antes se consideraban refugios seguros para crecer y aprender \u2014nuestras escuelas, universidades e iglesias\u2014 se han convertido en escenarios de tragedias desgarradoras y derramamientos de sangre.<\/p>\n<p>Hace cinco a\u00f1os, en su enc\u00edclica <em>Hermanos todos, <\/em>El papa Francisco describi\u00f3 los pasos que nuestro mundo debe dar para reconstruir un sentido de comuni\u00f3n tras lo que \u00e9l describi\u00f3 como \u201csue\u00f1os destrozados\u201d. Como se\u00f1ala prof\u00e9ticamente la enc\u00edclica, las personas est\u00e1n siendo manipuladas \u201cpara servir como herramientas de dominaci\u00f3n, como etiquetas sin sentido que pueden utilizarse para justificar cualquier acci\u00f3n\u201d. Hemos visto la manifestaci\u00f3n de esta noci\u00f3n en la idea perversa de que se puede servir al bien com\u00fan convirti\u00e9ndose en un instrumento de violencia. Esto ocurre cuando nos negamos a ver el rostro de Cristo en la otra persona y solo vemos un enemigo que debe ser dominado o destruido. Tr\u00e1gicamente, personas decentes de todas las tendencias pol\u00edticas siguen siendo v\u00edctimas de esta tendencia mortal. Gran parte de la vida cotidiana se ve afectada por la hostilidad y la divisi\u00f3n, lo que ha dado lugar a actos impactantes de violencia pol\u00edtica.<\/p>\n<p>La sabidur\u00eda que nos ofrece el papa Francisco nos recuerda que \u201cla aut\u00e9ntica reconciliaci\u00f3n no huye del conflicto, sino que se logra\u00a0<em>en<\/em>\u00a0conflicto, resolvi\u00e9ndolo mediante el di\u00e1logo y la negociaci\u00f3n abierta, honesta y paciente\u201d. \u201cEl camino hacia la unidad social\u201d, subraya, \u201csiempre implica reconocer la posibilidad de que los dem\u00e1s tengan, al menos en parte, un punto de vista leg\u00edtimo, algo que vale la pena aportar, incluso si se equivocaron o actuaron mal\u201d. Construir la paz en nuestra naci\u00f3n \u201crequiere que situemos en el centro de toda actividad pol\u00edtica, social y econ\u00f3mica a la persona humana, desde su concepci\u00f3n hasta su muerte natural, que goza de la m\u00e1s alta dignidad y respeto por el bien com\u00fan\u201d.\u201d<\/p>\n<p>Pido a todos los estadounidenses que reflexionen sobre el valor de cada vida humana. Les suplico que vean a Cristo en cada persona, incluso en aquellas cuyas ideas pol\u00edticas rechacen. Cada uno de nosotros debe examinar su coraz\u00f3n, sus pensamientos y sus acciones, y preguntarse c\u00f3mo contribuye a la polarizaci\u00f3n y la animosidad que azotan a nuestra naci\u00f3n. Tambi\u00e9n debemos poner en pr\u00e1ctica aquellos comportamientos que pueden ayudarnos a comenzar a sanar las divisiones entre nosotros. Consideren realizar una obra de misericordia corporal: alimentar al hambriento, dar de beber al sediento, dar cobijo al sin techo, visitar al enfermo y al encarcelado, y enterrar al muerto. Consideren ayunar de las redes sociales un d\u00eda a la semana o por la noche. Reza por tus enemigos. Escucha y habla con aquellos con quienes no est\u00e1s de acuerdo, especialmente dentro de tu propia familia. Discrepa, debate civilizadamente, defiende tus derechos, pero recuerda siempre en tu coraz\u00f3n que todos somos hijos de Dios y merecemos dignidad y vida.<\/p>\n<p>En este quinto aniversario de la carta enc\u00edclica del papa Francisco <em>Hermanos todos<\/em>, Oremos \u201cpara que podamos descubrir de nuevo que todos son importantes y todos son necesarios, rostros diferentes de la \u00fanica humanidad que Dios tanto ama. Am\u00e9n\u201d.\u201d<\/p>","protected":false},"excerpt":{"rendered":"<p>En el quinto aniversario de Fratelli tutti, la carta enc\u00edclica del papa Francisco sobre la fraternidad y la amistad social, el arzobispo Timothy P. Broglio, presidente de la Conferencia de Obispos Cat\u00f3licos de Estados Unidos, public\u00f3 una invitaci\u00f3n a la reflexi\u00f3n.<\/p>","protected":false},"author":2,"featured_media":11095,"comment_status":"closed","ping_status":"closed","sticky":false,"template":"","format":"standard","meta":{"footnotes":""},"categories":[14],"tags":[],"class_list":["post-11094","post","type-post","status-publish","format-standard","has-post-thumbnail","hentry","category-announcements"],"_links":{"self":[{"href":"https:\/\/www.archspm.org\/es\/wp-json\/wp\/v2\/posts\/11094","targetHints":{"allow":["GET"]}}],"collection":[{"href":"https:\/\/www.archspm.org\/es\/wp-json\/wp\/v2\/posts"}],"about":[{"href":"https:\/\/www.archspm.org\/es\/wp-json\/wp\/v2\/types\/post"}],"author":[{"embeddable":true,"href":"https:\/\/www.archspm.org\/es\/wp-json\/wp\/v2\/users\/2"}],"replies":[{"embeddable":true,"href":"https:\/\/www.archspm.org\/es\/wp-json\/wp\/v2\/comments?post=11094"}],"version-history":[{"count":0,"href":"https:\/\/www.archspm.org\/es\/wp-json\/wp\/v2\/posts\/11094\/revisions"}],"wp:featuredmedia":[{"embeddable":true,"href":"https:\/\/www.archspm.org\/es\/wp-json\/wp\/v2\/media\/11095"}],"wp:attachment":[{"href":"https:\/\/www.archspm.org\/es\/wp-json\/wp\/v2\/media?parent=11094"}],"wp:term":[{"taxonomy":"category","embeddable":true,"href":"https:\/\/www.archspm.org\/es\/wp-json\/wp\/v2\/categories?post=11094"},{"taxonomy":"post_tag","embeddable":true,"href":"https:\/\/www.archspm.org\/es\/wp-json\/wp\/v2\/tags?post=11094"}],"curies":[{"name":"wp","href":"https:\/\/api.w.org\/{rel}","templated":true}]}}