{"id":11371,"date":"2025-10-13T16:43:03","date_gmt":"2025-10-13T20:43:03","guid":{"rendered":"https:\/\/www.archspm.org\/?p=11371"},"modified":"2025-10-13T19:11:57","modified_gmt":"2025-10-13T23:11:57","slug":"vatican-unveiled-coming-to-mall-of-america","status":"publish","type":"post","link":"https:\/\/www.archspm.org\/es\/vatican-unveiled-coming-to-mall-of-america\/","title":{"rendered":"Vatican Unveiled llega al Mall of America\u00ae"},"content":{"rendered":"<div data-elementor-type=\"wp-post\" data-elementor-id=\"11371\" class=\"elementor elementor-11371\" data-elementor-post-type=\"post\">\n\t\t\t\t<div class=\"elementor-element elementor-element-93a6a35 e-flex e-con-boxed e-con e-parent\" data-id=\"93a6a35\" data-element_type=\"container\" data-e-type=\"container\" data-settings=\"{&quot;jet_parallax_layout_list&quot;:[]}\">\n\t\t\t\t\t<div class=\"e-con-inner\">\n\t\t<div class=\"elementor-element elementor-element-6ab45d0 e-con-full e-flex e-con e-child\" data-id=\"6ab45d0\" data-element_type=\"container\" data-e-type=\"container\" data-settings=\"{&quot;jet_parallax_layout_list&quot;:[]}\">\n\t\t\t\t<div class=\"elementor-element elementor-element-783d7bb elementor-widget elementor-widget-video\" data-id=\"783d7bb\" data-element_type=\"widget\" data-e-type=\"widget\" data-settings=\"{&quot;youtube_url&quot;:&quot;https:\\\/\\\/www.youtube.com\\\/watch?v=Cl6KlZG0Hbg&quot;,&quot;show_image_overlay&quot;:&quot;yes&quot;,&quot;image_overlay&quot;:{&quot;url&quot;:&quot;https:\\\/\\\/www.archspm.org\\\/wp-content\\\/uploads\\\/2025\\\/10\\\/VaticanUnveiled_ArchSPM_VU_thumbnail-2.webp&quot;,&quot;id&quot;:11586,&quot;size&quot;:&quot;&quot;,&quot;alt&quot;:&quot;&quot;,&quot;source&quot;:&quot;library&quot;},&quot;video_type&quot;:&quot;youtube&quot;,&quot;controls&quot;:&quot;yes&quot;}\" data-widget_type=\"video.default\">\n\t\t\t\t\t\t\t<div class=\"elementor-wrapper elementor-open-inline\">\n\t\t\t<div class=\"elementor-video\"><\/div>\t\t\t\t<div class=\"elementor-custom-embed-image-overlay\" style=\"background-image: url(https:\/\/www.archspm.org\/wp-content\/uploads\/2025\/10\/VaticanUnveiled_ArchSPM_VU_thumbnail-2.webp);\">\n\t\t\t\t\t\t\t\t\t\t\t\t\t\t\t\t<div class=\"elementor-custom-embed-play\" role=\"button\" aria-label=\"Reproducir v\u00eddeo\" tabindex=\"0\">\n\t\t\t\t\t\t\t<i aria-hidden=\"true\" class=\"eicon-play\"><\/i>\t\t\t\t\t\t<\/div>\n\t\t\t\t\t\t\t\t\t<\/div>\n\t\t\t\t\t<\/div>\n\t\t\t\t\t\t<\/div>\n\t\t\t\t<\/div>\n\t\t<div class=\"elementor-element elementor-element-a267f6b e-con-full e-flex e-con e-child\" data-id=\"a267f6b\" data-element_type=\"container\" data-e-type=\"container\" data-settings=\"{&quot;jet_parallax_layout_list&quot;:[]}\">\n\t\t\t\t<div class=\"elementor-element elementor-element-1239a09 elementor-widget elementor-widget-text-editor\" data-id=\"1239a09\" data-element_type=\"widget\" data-e-type=\"widget\" data-widget_type=\"text-editor.default\">\n\t\t\t\t\t\t\t\t\t<p>Mientras esperamos y deseamos que el papa Le\u00f3n XIV regrese a las Ciudades Gemelas \u2014donde estudi\u00f3 como seminarista a principios de la d\u00e9cada de 1980\u2014, sabemos que este invierno llegar\u00e1n aqu\u00ed entre 250 y 300 objetos de papas anteriores, santos y otras personalidades.<\/p><p>Para celebrar el 175.\u00ba aniversario de la Iglesia Cat\u00f3lica en Minnesota, la Arquidi\u00f3cesis de Saint Paul y Minneapolis presenta \u00abVatican Unveiled\u00bb, una exposici\u00f3n que re\u00fane la mayor colecci\u00f3n de objetos papales fuera de Roma. El padre Richard Kunst, sacerdote de la Di\u00f3cesis de Duluth, es el curador de la exposici\u00f3n. El padre Kunst posee un profundo conocimiento de los objetos y siente una gran pasi\u00f3n por contar sus historias.<\/p><p>Esta colecci\u00f3n hist\u00f3rica y \u00fanica se exhibir\u00e1 todos los d\u00edas en el Mall of America del 10 de enero al 1 de febrero de 2026. Entre las piezas expuestas se encuentran un documento con la segunda firma papal m\u00e1s antigua fuera del Vaticano y un uniforme de la Guardia Suiza de la \u00e9poca de P\u00edo X, tan excepcional que la propia Guardia Suiza solicit\u00f3 prestarlo para su propia exposici\u00f3n.<\/p>\t\t\t\t\t\t\t\t<\/div>\n\t\t\t\t<\/div>\n\t\t\t\t\t<\/div>\n\t\t\t\t<\/div>\n\t\t<div class=\"elementor-element elementor-element-4c197568 e-flex e-con-boxed e-con e-parent\" data-id=\"4c197568\" data-element_type=\"container\" data-e-type=\"container\" data-settings=\"{&quot;jet_parallax_layout_list&quot;:[]}\">\n\t\t\t\t\t<div class=\"e-con-inner\">\n\t\t\t\t<div class=\"elementor-element elementor-element-5808935c elementor-widget elementor-widget-text-editor\" data-id=\"5808935c\" data-element_type=\"widget\" data-e-type=\"widget\" data-widget_type=\"text-editor.default\">\n\t\t\t\t\t\t\t\t\t<p>La exposici\u00f3n, de casi 1.800 metros cuadrados, est\u00e1 abierta al p\u00fablico y da la bienvenida a todos los visitantes, quienes podr\u00e1n descubrir interesantes perspectivas hist\u00f3ricas, piezas art\u00edsticas elaboradas con t\u00e9cnicas artesanales tradicionales y objetos papales que revelan el lado humano de estos l\u00edderes.<\/p><p>Encontrar\u00e1 m\u00e1s detalles sobre la exposici\u00f3n en la p\u00e1gina web de la Arquidi\u00f3cesis <a href=\"https:\/\/www.archspm.org\/es\/vaticanunveiled\/\">Sitio web \u00abVatican Unveiled\u00bb<\/a>, junto con esto <a href=\"https:\/\/drive.google.com\/drive\/folders\/1m-xNYHhd87KuPILsN2DrRYmrGnYdwBdS\" target=\"_blank\" rel=\"noopener\">kit de prensa<\/a> y <a href=\"https:\/\/www.youtube.com\/watch?v=Cl6KlZG0Hbg\" target=\"_blank\" rel=\"noopener\">v\u00eddeo promocional especial<\/a> del arzobispo Hebda.<\/p><p>El arzobispo Hebda y la Arquidi\u00f3cesis de Saint Paul y Minneapolis esperan poder darles la bienvenida a usted y a sus espectadores, oyentes y lectores.<\/p><p><strong>Acerca del padre Richard Kunst:<\/strong><\/p><p>Originario de Duluth, Minnesota, el padre Richard Kunst fue ordenado sacerdote para la Di\u00f3cesis de Duluth en 1998. Antes de su ordenaci\u00f3n, trabaj\u00f3 en el \u00e1mbito pol\u00edtico como miembro del equipo del senador estadounidense Rod Grams, de Minnesota. Como sacerdote, el padre Kunst compagina sus tareas parroquiales con sus funciones diocesanas, entre las que se incluyen ser columnista de The Northern Cross y supervisar las fases iniciales de la causa de canonizaci\u00f3n de monse\u00f1or Joseph Buh. El padre Kunst siente un profundo amor por la historia de la Iglesia, como se puede apreciar en la colecci\u00f3n de objetos papales y otros artefactos que ha curado.<\/p>\t\t\t\t\t\t\t\t<\/div>\n\t\t\t\t\t<\/div>\n\t\t\t\t<\/div>\n\t\t\t\t<\/div>","protected":false},"excerpt":{"rendered":"<p>Para celebrar el 175 aniversario de la Iglesia cat\u00f3lica en Minnesota, la Arquidi\u00f3cesis de Saint Paul y Minneapolis presenta Vatican Unveiled, una exposici\u00f3n de la mayor colecci\u00f3n de objetos papales fuera de Roma. La exposici\u00f3n es la colecci\u00f3n personal del padre Richard Kunst, sacerdote de la Di\u00f3cesis de Duluth. El padre Kunst tiene un profundo conocimiento de los objetos y una gran pasi\u00f3n por contar sus historias.\u00a0<\/p>","protected":false},"author":2,"featured_media":11586,"comment_status":"closed","ping_status":"closed","sticky":false,"template":"","format":"standard","meta":{"footnotes":""},"categories":[14],"tags":[],"class_list":["post-11371","post","type-post","status-publish","format-standard","has-post-thumbnail","hentry","category-announcements"],"_links":{"self":[{"href":"https:\/\/www.archspm.org\/es\/wp-json\/wp\/v2\/posts\/11371","targetHints":{"allow":["GET"]}}],"collection":[{"href":"https:\/\/www.archspm.org\/es\/wp-json\/wp\/v2\/posts"}],"about":[{"href":"https:\/\/www.archspm.org\/es\/wp-json\/wp\/v2\/types\/post"}],"author":[{"embeddable":true,"href":"https:\/\/www.archspm.org\/es\/wp-json\/wp\/v2\/users\/2"}],"replies":[{"embeddable":true,"href":"https:\/\/www.archspm.org\/es\/wp-json\/wp\/v2\/comments?post=11371"}],"version-history":[{"count":0,"href":"https:\/\/www.archspm.org\/es\/wp-json\/wp\/v2\/posts\/11371\/revisions"}],"wp:featuredmedia":[{"embeddable":true,"href":"https:\/\/www.archspm.org\/es\/wp-json\/wp\/v2\/media\/11586"}],"wp:attachment":[{"href":"https:\/\/www.archspm.org\/es\/wp-json\/wp\/v2\/media?parent=11371"}],"wp:term":[{"taxonomy":"category","embeddable":true,"href":"https:\/\/www.archspm.org\/es\/wp-json\/wp\/v2\/categories?post=11371"},{"taxonomy":"post_tag","embeddable":true,"href":"https:\/\/www.archspm.org\/es\/wp-json\/wp\/v2\/tags?post=11371"}],"curies":[{"name":"wp","href":"https:\/\/api.w.org\/{rel}","templated":true}]}}