{"id":12318,"date":"2025-11-12T11:59:44","date_gmt":"2025-11-12T16:59:44","guid":{"rendered":"https:\/\/www.archspm.org\/?p=12318"},"modified":"2025-11-13T01:04:32","modified_gmt":"2025-11-13T06:04:32","slug":"usccb-immigration","status":"publish","type":"post","link":"https:\/\/www.archspm.org\/es\/usccb-immigration\/","title":{"rendered":"Los obispos estadounidenses emiten un \u201cmensaje especial\u201d sobre inmigraci\u00f3n desde la Asamblea Plenaria celebrada en Baltimore"},"content":{"rendered":"<p><strong>Fuente:<\/strong> <a href=\"https:\/\/www.usccb.org\/news\/2025\/us-bishops-issue-special-message-immigration-plenary-assembly-baltimore\" target=\"_blank\" rel=\"noopener\">Conferencia Episcopal de Estados Unidos<\/a><\/p>\n<p><em><a href=\"https:\/\/www.usccb.org\/es\/news\/2025\/obispos-de-ee-uu-emiten-un-mensaje-especial-sobre-inmigracion-durante-su-asamblea\" target=\"_blank\" rel=\"noopener\">Leer en espa\u00f1ol aqu\u00ed<\/a>.<\/em><\/p>\n<p>Cuando la Conferencia de Obispos Cat\u00f3licos de los Estados Unidos (USCCB) se reuni\u00f3 para su Asamblea Plenaria de Oto\u00f1o en Baltimore, los obispos emitieron un Mensaje Especial en el que expresaban su preocupaci\u00f3n por la situaci\u00f3n cambiante que afecta a los inmigrantes en los Estados Unidos. Era la primera vez en doce a\u00f1os que la USCCB recurr\u00eda a esta forma particularmente urgente de expresarse como cuerpo episcopal. El \u00faltimo mensaje emitido en 2013 fue en respuesta al mandato federal sobre anticonceptivos.<\/p>\n<p>De conformidad con el reglamento relativo a las declaraciones y publicaciones de la Conferencia, solo se puede emitir un \u201cMensaje especial\u201d en las asambleas plenarias, y se trata de declaraciones que el presidente de la Conferencia, el Comit\u00e9 Administrativo o el conjunto de los miembros consideran oportunas en vista de las circunstancias del momento. Para reflejar el consenso del organismo, un Mensaje especial debe obtener el apoyo de dos tercios de los miembros de la Conferencia presentes y votantes en la sesi\u00f3n plenaria para ser aprobado. En una votaci\u00f3n de\u00a0<strong>216\u00a0<\/strong><strong>5 votos a favor, 5 votos en contra y 3 abstenciones<\/strong>, los obispos aprobaron por abrumadora mayor\u00eda el Mensaje Especial, y tras la votaci\u00f3n se escuch\u00f3 un aplauso prolongado de la asamblea.<\/p>\n<p>A continuaci\u00f3n se incluye el texto completo del Mensaje Pastoral Especial de los obispos:<\/p>\n<p>Como pastores, los obispos de los Estados Unidos estamos unidos a nuestro pueblo por lazos de comuni\u00f3n y compasi\u00f3n en nuestro Se\u00f1or Jesucristo. Nos inquieta ver entre nuestro pueblo un clima de miedo y ansiedad en torno a cuestiones como la discriminaci\u00f3n por perfil racial y la aplicaci\u00f3n de las leyes de inmigraci\u00f3n. Nos entristece el estado del debate actual y la difamaci\u00f3n de los inmigrantes. Nos preocupan las condiciones en los centros de detenci\u00f3n y la falta de acceso a la atenci\u00f3n pastoral. Lamentamos que algunos inmigrantes en los Estados Unidos hayan perdido arbitrariamente su estatus legal. Nos preocupan las amenazas contra la santidad de los lugares de culto y la naturaleza especial de los hospitales y las escuelas. Nos entristece encontrarnos con padres que temen ser detenidos cuando llevan a sus hijos a la escuela y tratar de consolar a familiares que ya han sido separados de sus seres queridos.<\/p>\n<p>A pesar de los obst\u00e1culos y los prejuicios, generaciones de inmigrantes han realizado enormes contribuciones al bienestar de nuestra naci\u00f3n. Nosotros, como obispos cat\u00f3licos, amamos a nuestro pa\u00eds y rezamos por su paz y prosperidad. Precisamente por eso, nos sentimos en la obligaci\u00f3n, en el contexto actual, de alzar la voz en defensa de la dignidad humana otorgada por Dios.<\/p>\n<p><a href=\"https:\/\/www.usccb.org\/resources\/migrationandCST\" target=\"_blank\" rel=\"noopener\">La doctrina cat\u00f3lica<\/a>\u00a0insta a las naciones a reconocer la dignidad fundamental de todas las personas, incluidos los inmigrantes. Nosotros, los obispos, abogamos por una reforma significativa de las leyes y los procedimientos migratorios de nuestro pa\u00eds. La dignidad humana y la seguridad nacional no est\u00e1n re\u00f1idas. Ambas son posibles si las personas de buena voluntad trabajan juntas.<\/p>\n<p>Reconocemos que los pa\u00edses tienen la responsabilidad de regular sus fronteras y establecer un sistema de inmigraci\u00f3n justo y ordenado en aras del bien com\u00fan. Sin esos procesos, los inmigrantes corren el riesgo de ser v\u00edctimas de la trata y otras formas de explotaci\u00f3n. Las v\u00edas seguras y legales sirven como ant\u00eddoto contra esos riesgos.<\/p>\n<p>La doctrina de la Iglesia se basa en la preocupaci\u00f3n fundamental por la persona humana, creada a imagen y semejanza de Dios (<em>G\u00e9nesis\u00a0<\/em>1:27)<em>.<\/em>\u00a0Como pastores, nos fijamos en la Sagrada Escritura y en el ejemplo del mismo Se\u00f1or, donde encontramos la sabidur\u00eda de la misericordia de Dios. La prioridad del Se\u00f1or, como nos recuerdan los profetas, son los m\u00e1s vulnerables: la viuda, el hu\u00e9rfano, el pobre y el extranjero (<em>Zacar\u00edas\u00a0<\/em>7:10). En el Se\u00f1or Jes\u00fas vemos a Aquel que se hizo pobre por nosotros (<em>2 Corintios<\/em>\u00a08:9), vemos al buen samaritano que nos levanta del polvo (<em>Lucas\u00a0<\/em>10:30\u201337), y vemos a Aquel que se encuentra en los m\u00e1s peque\u00f1os de estos (<em>Mateo\u00a0<\/em>25). La preocupaci\u00f3n de la Iglesia por el pr\u00f3jimo y nuestra preocupaci\u00f3n aqu\u00ed por los inmigrantes es una respuesta al mandato del Se\u00f1or de amar tal como \u00c9l nos ha amado (<em>John\u00a0<\/em>13:34).<\/p>\n<p class=\"indent\">A nuestros hermanos y hermanas inmigrantes: estamos con ustedes en su sufrimiento, pues cuando un miembro sufre, todos sufren\u00a0<em>(cf. 1 Corintios\u00a0<\/em>12:26)<em>.<\/em>\u00a0\u00a1No est\u00e1s solo!<\/p>\n<p class=\"indent\">Observamos con gratitud que tantos miembros de nuestro clero, religiosos consagrados y fieles laicos ya\u00a0<a class=\"icon-link-ext\" href=\"https:\/\/justiceforimmigrants.org\/you-are-not-alone\/\" target=\"_blank\" rel=\"noopener\">acompa\u00f1ar y ayudar a los inmigrantes<\/a>\u00a0para satisfacer sus necesidades humanas b\u00e1sicas. Instamos a todas las personas de buena voluntad a que contin\u00faen y ampl\u00eden esos esfuerzos.<\/p>\n<p class=\"indent\">Nos oponemos a la deportaci\u00f3n masiva e indiscriminada de personas. Oramos para que cese la ret\u00f3rica deshumanizante y la violencia, ya sea dirigida contra los inmigrantes o contra las fuerzas del orden. Oramos para que el Se\u00f1or gu\u00ede a los l\u00edderes de nuestra naci\u00f3n, y estamos agradecidos por las oportunidades pasadas y presentes de dialogar con funcionarios p\u00fablicos y representantes electos. En este di\u00e1logo, seguiremos abogando por una reforma migratoria significativa.<\/p>\n<p class=\"text-align-center indent\"><em>Como disc\u00edpulos del Se\u00f1or, seguimos siendo\u00a0<\/em><a href=\"https:\/\/www.usccb.org\/cabrinipledge\" target=\"_blank\" rel=\"noopener\">hombres y mujeres llenos de esperanza<\/a><em>, <\/em><em>\u00a1y la esperanza no defrauda! (<\/em>v\u00e9ase Romanos\u00a0<em>5:5)<\/em><\/p>\n<p class=\"text-align-center indent\"><em>Que el manto de Nuestra Se\u00f1ora de Guadalupe nos envuelva a todos en su cuidado maternal y amoroso y nos acerque cada vez m\u00e1s al coraz\u00f3n de Cristo.<\/em><\/p>","protected":false},"excerpt":{"rendered":"<p>Cuando la Conferencia de Obispos Cat\u00f3licos de los Estados Unidos (USCCB) se reuni\u00f3 para su Asamblea Plenaria de Oto\u00f1o en Baltimore, los obispos emitieron un Mensaje Especial en el que expresaban su preocupaci\u00f3n por la situaci\u00f3n cambiante que afecta a los inmigrantes en los Estados Unidos. Era la primera vez en doce a\u00f1os que la USCCB recurr\u00eda a esta forma particularmente urgente de expresarse como cuerpo episcopal. El \u00faltimo mensaje emitido en 2013 fue en respuesta al mandato federal sobre anticonceptivos.<\/p>","protected":false},"author":2,"featured_media":11099,"comment_status":"closed","ping_status":"closed","sticky":false,"template":"","format":"standard","meta":{"footnotes":""},"categories":[14],"tags":[],"class_list":["post-12318","post","type-post","status-publish","format-standard","has-post-thumbnail","hentry","category-announcements"],"_links":{"self":[{"href":"https:\/\/www.archspm.org\/es\/wp-json\/wp\/v2\/posts\/12318","targetHints":{"allow":["GET"]}}],"collection":[{"href":"https:\/\/www.archspm.org\/es\/wp-json\/wp\/v2\/posts"}],"about":[{"href":"https:\/\/www.archspm.org\/es\/wp-json\/wp\/v2\/types\/post"}],"author":[{"embeddable":true,"href":"https:\/\/www.archspm.org\/es\/wp-json\/wp\/v2\/users\/2"}],"replies":[{"embeddable":true,"href":"https:\/\/www.archspm.org\/es\/wp-json\/wp\/v2\/comments?post=12318"}],"version-history":[{"count":0,"href":"https:\/\/www.archspm.org\/es\/wp-json\/wp\/v2\/posts\/12318\/revisions"}],"wp:featuredmedia":[{"embeddable":true,"href":"https:\/\/www.archspm.org\/es\/wp-json\/wp\/v2\/media\/11099"}],"wp:attachment":[{"href":"https:\/\/www.archspm.org\/es\/wp-json\/wp\/v2\/media?parent=12318"}],"wp:term":[{"taxonomy":"category","embeddable":true,"href":"https:\/\/www.archspm.org\/es\/wp-json\/wp\/v2\/categories?post=12318"},{"taxonomy":"post_tag","embeddable":true,"href":"https:\/\/www.archspm.org\/es\/wp-json\/wp\/v2\/tags?post=12318"}],"curies":[{"name":"wp","href":"https:\/\/api.w.org\/{rel}","templated":true}]}}