{"id":12379,"date":"2025-11-17T20:30:54","date_gmt":"2025-11-18T01:30:54","guid":{"rendered":"https:\/\/www.archspm.org\/?p=12379"},"modified":"2025-11-18T10:12:23","modified_gmt":"2025-11-18T15:12:23","slug":"archbishops-weekly-word-from-endings-to-beginnings","status":"publish","type":"post","link":"https:\/\/www.archspm.org\/es\/archbishops-weekly-word-from-endings-to-beginnings\/","title":{"rendered":"Palabra semanal del arzobispo: De los finales a los comienzos"},"content":{"rendered":"<h2>Juntos en el camino: Palabras semanales del Arzobispo Hebda<\/h2>\n<p><img decoding=\"async\" class=\"alignleft wp-image-8875 size-thumbnail\" src=\"https:\/\/www.archspm.org\/wp-content\/uploads\/2025\/04\/full-150x150.png\" alt=\"\" width=\"150\" height=\"150\" srcset=\"https:\/\/www.archspm.org\/wp-content\/uploads\/2025\/04\/full-150x150.png 150w, https:\/\/www.archspm.org\/wp-content\/uploads\/2025\/04\/full-12x12.png 12w, https:\/\/www.archspm.org\/wp-content\/uploads\/2025\/04\/full.png 248w\" sizes=\"(max-width: 150px) 100vw, 150px\" \/><span class=\"TextRun SCXW61527041 BCX0\" lang=\"EN-US\" xml:lang=\"EN-US\" data-contrast=\"auto\"><span class=\"NormalTextRun SCXW61527041 BCX0\">A medida que el a\u00f1o lit\u00fargico se acerca a su fin, la Iglesia <\/span><span class=\"NormalTextRun SCXW61527041 BCX0\">anualmente <\/span><span class=\"NormalTextRun SCXW61527041 BCX0\">centra su atenci\u00f3n en el <\/span><span class=\"NormalTextRun SCXW61527041 BCX0\">\"<\/span><span class=\"NormalTextRun SCXW61527041 BCX0\">Cuatro <\/span><span class=\"NormalTextRun SCXW61527041 BCX0\">\u00daltimo <\/span><span class=\"NormalTextRun SCXW61527041 BCX0\">Cosas<\/span><span class=\"NormalTextRun SCXW61527041 BCX0\">\"<\/span><span class=\"NormalTextRun SCXW61527041 BCX0\">: <\/span><span class=\"NormalTextRun SCXW61527041 BCX0\">muerte, juicio, <\/span><span class=\"NormalTextRun SCXW61527041 BCX0\">cielo<\/span><span class=\"NormalTextRun SCXW61527041 BCX0\"> y el infierno. <\/span><span class=\"NormalTextRun SCXW61527041 BCX0\">Toda esta ayuda<\/span><span class=\"NormalTextRun SCXW61527041 BCX0\">s<\/span><span class=\"NormalTextRun SCXW61527041 BCX0\"> preparar el escenario para la celebraci\u00f3n de Cristo Rey, el \u00faltimo domingo del a\u00f1o lit\u00fargico.<\/span><span class=\"NormalTextRun SCXW61527041 BCX0\">, cuando reconocemos que Jes\u00fas tiene la m\u00e1xima autoridad<\/span><span class=\"NormalTextRun SCXW61527041 BCX0\">, muy por encima de todos <\/span><span class=\"NormalTextRun SCXW61527041 BCX0\">terrenal <\/span><span class=\"NormalTextRun SCXW61527041 BCX0\">poder. Las lecturas nos recuerdan <\/span><span class=\"NormalTextRun SCXW61527041 BCX0\">que tenemos que prepararnos<\/span><span class=\"NormalTextRun SCXW61527041 BCX0\"> para cumplir <\/span><span class=\"NormalTextRun SCXW61527041 BCX0\">Jes\u00fas<\/span> <span class=\"NormalTextRun SCXW61527041 BCX0\">al final de nuestras vidas<\/span><span class=\"NormalTextRun SCXW61527041 BCX0\">, y eso t<\/span><span class=\"NormalTextRun SCXW61527041 BCX0\">La Iglesia <\/span><span class=\"NormalTextRun SCXW61527041 BCX0\">necesidades<\/span><span class=\"NormalTextRun SCXW61527041 BCX0\">o<\/span><span class=\"NormalTextRun SCXW61527041 BCX0\"> Estemos atentos mientras esperamos. <\/span><span class=\"NormalTextRun SCXW61527041 BCX0\">el Se\u00f1or\u2019<\/span><span class=\"NormalTextRun SCXW61527041 BCX0\">s <\/span><span class=\"NormalTextRun SCXW61527041 BCX0\">s<\/span><span class=\"NormalTextRun SCXW61527041 BCX0\">segundo <\/span><span class=\"NormalTextRun SCXW61527041 BCX0\">c<\/span><span class=\"NormalTextRun SCXW61527041 BCX0\">Viniendo.<\/span><\/span><span class=\"EOP SCXW61527041 BCX0\" data-ccp-props=\"{}\">\u00a0<\/span><\/p>\n<p><span data-contrast=\"auto\">Pasaremos r\u00e1pidamente de los finales a los comienzos. El Adviento (de la palabra latina que significa \u00abcomienzo\u00bb) est\u00e1 a la vuelta de la esquina. El Wall Street Journal public\u00f3 esta semana un art\u00edculo sobre los calendarios de Adviento con productos de belleza de alta gama para cada d\u00eda de la temporada. Sin embargo, sabemos que el Adviento tiene que ser algo m\u00e1s que bombas de ba\u00f1o veganas., <\/span><span data-contrast=\"none\">Crema para los ojos de aguacate y mascarillas refrescantes para limpiar los poros, \u201cideales para la piel reseca por el invierno\u201d.\u201d<\/span><span data-contrast=\"auto\"> La temporada que estamos llamados a celebrar debe ser un tiempo de oraci\u00f3n y reflexi\u00f3n para prepararnos para la venida de Cristo. Aunque el Adviento es en cierto modo como un viejo amigo, igual cada a\u00f1o, mi experiencia es que siempre hay algo nuevo que descubrir, alguna ense\u00f1anza nueva que el Se\u00f1or quiere revelarnos.\u00a0<\/span><span data-ccp-props=\"{}\">\u00a0<\/span><\/p>\n<p><span data-contrast=\"auto\">Por eso les animo encarecidamente a que se unan a m\u00ed para hacer planes ahora sobre c\u00f3mo pasaremos este Adviento acerc\u00e1ndonos m\u00e1s a nuestro Se\u00f1or. Pasar tiempo con \u00c9l, especialmente en el Sant\u00edsimo Sacramento, es una de las mejores formas de prepararse. Quiz\u00e1s eso signifique hacer una Hora Santa cada semana de Adviento o a\u00f1adir una misa diaria cuando sea posible.\u00a0<\/span><span data-ccp-props=\"{}\">\u00a0<\/span><\/p>\n<p><span data-contrast=\"auto\">Para las familias, esto puede significar reducir el tiempo que pasan frente a la pantalla y frenar las celebraciones navide\u00f1as tempranas en favor de actos de servicio y actividades que se centren en los santos cuyas fiestas caen en Adviento. A los ni\u00f1os les encantan las historias de San Nicol\u00e1s, San Juan Diego y Santa Luc\u00eda, por mencionar solo algunas. Las poderosas fiestas de Adviento de nuestra Sant\u00edsima Madre, honrada como la Inmaculada Concepci\u00f3n y como Nuestra Se\u00f1ora de Guadalupe, tambi\u00e9n pueden ser un excelente punto de partida para esta temporada.\u00a0\u00a0<\/span><span data-ccp-props=\"{}\">\u00a0<\/span><\/p>\n<p><span data-contrast=\"auto\">Si formas parte de un grupo peque\u00f1o, este es el momento ideal para colaborar con tu parroquia y elegir un libro o una serie de videos con tem\u00e1tica de Adviento. Me sorprende la gran cantidad de excelentes podcasts y reflexiones sobre el Adviento que hay disponibles. Siempre me encanta el \u201cCompa\u00f1ero de Adviento\u201d anual de Magnificat y cuento con las inspiraciones diarias del padre Rocky sobre el Adviento (disponibles a trav\u00e9s de Relevant Radio).\u00a0\u00a0\u00a0<\/span><span data-ccp-props=\"{}\">\u00a0<\/span><\/p>\n<p><span data-contrast=\"auto\">Este a\u00f1o tambi\u00e9n tengo muchas ganas de leer el segundo volumen de la obra del padre Pietro Rossotti. <\/span><i><span data-contrast=\"auto\">\u00a1Se\u00f1or, te amo!<\/span><\/i><span data-contrast=\"auto\">, centr\u00e1ndose en las homil\u00edas de Adviento y Navidad del papa Benedicto XVI. Muchos de ustedes conocer\u00e1n al padre Rossotti por su trabajo en St. Peter, en North Saint Paul, y en el seminario de Saint Paul.\u00a0\u00a0<\/span><span data-ccp-props=\"{}\">\u00a0<\/span><\/p>\n<p><span data-contrast=\"auto\">Todos estos preparativos del Adviento pueden ayudarnos a tomar conciencia de la necesidad de prepararnos para la segunda venida del Se\u00f1or, como lo evidencia el primer Evangelio del tiempo de Adviento, cuando Jes\u00fas recuerda a sus disc\u00edpulos que \u201ca la hora que menos lo esperen, vendr\u00e1 el Hijo del hombre\u201d (Mt 24, 44). Aqu\u00ed es donde conocer la raz\u00f3n de nuestra esperanza (1 P 3, 15) marca la diferencia. A diferencia de nuestros primeros padres, Ad\u00e1n y Eva, sabemos que no tenemos que escondernos ante la venida del Se\u00f1or. M\u00e1s bien, esperamos con una esperanza expectante y un asombro infantil mientras nos preparamos una vez m\u00e1s para dar la bienvenida a Cristo, nuestro Salvador.\u00a0<\/span><span data-ccp-props=\"{&quot;134233117&quot;:false,&quot;134233118&quot;:false,&quot;201341983&quot;:0,&quot;335551550&quot;:1,&quot;335551620&quot;:1,&quot;335559685&quot;:0,&quot;335559737&quot;:0,&quot;335559738&quot;:0,&quot;335559739&quot;:160,&quot;335559740&quot;:279}\">\u00a0<\/span><\/p>\n<p><em>\u00danete a m\u00e1s de 85,000 cat\u00f3licos que reciben mensualmente <a href=\"https:\/\/www.archspm.org\/es\/togetheronthejourney\/\">Juntos en el viaje<\/a> v\u00eddeos del arzobispo Hebda. Si se suscribe, tambi\u00e9n recibir\u00e1 su bolet\u00edn Weekly Word: <\/em><\/p>\n<p><em><a class=\"elementor-button elementor-button-link elementor-size-sm\" href=\"https:\/\/archspm.flocknote.com\/ArchbishopsWeekl\" target=\"_blank\" rel=\"noopener\"><span class=\"elementor-button-content-wrapper\"><span class=\"elementor-button-text\">Recibir el bolet\u00edn del Arzobispo<\/span><\/span><\/a><\/em><\/p>\n<p>Lea este mensaje en <a href=\"https:\/\/archspm.flocknote.com\/note\/34184160\" target=\"_blank\" rel=\"noopener\">Flocknote<\/a>.<\/p>","protected":false},"excerpt":{"rendered":"<p>A medida que el a\u00f1o lit\u00fargico llega a su fin, la Iglesia centra su atenci\u00f3n cada a\u00f1o en las \u201ccuatro \u00faltimas cosas\u201d: la muerte, el juicio, el cielo y el infierno. Todo ello contribuye a preparar el escenario para la celebraci\u00f3n de Cristo Rey, el \u00faltimo domingo del a\u00f1o lit\u00fargico, en el que reconocemos que Jes\u00fas tiene la autoridad suprema, muy por encima de cualquier poder terrenal.<\/p>","protected":false},"author":4,"featured_media":209,"comment_status":"closed","ping_status":"closed","sticky":false,"template":"","format":"standard","meta":{"footnotes":""},"categories":[14],"tags":[],"class_list":["post-12379","post","type-post","status-publish","format-standard","has-post-thumbnail","hentry","category-announcements"],"_links":{"self":[{"href":"https:\/\/www.archspm.org\/es\/wp-json\/wp\/v2\/posts\/12379","targetHints":{"allow":["GET"]}}],"collection":[{"href":"https:\/\/www.archspm.org\/es\/wp-json\/wp\/v2\/posts"}],"about":[{"href":"https:\/\/www.archspm.org\/es\/wp-json\/wp\/v2\/types\/post"}],"author":[{"embeddable":true,"href":"https:\/\/www.archspm.org\/es\/wp-json\/wp\/v2\/users\/4"}],"replies":[{"embeddable":true,"href":"https:\/\/www.archspm.org\/es\/wp-json\/wp\/v2\/comments?post=12379"}],"version-history":[{"count":0,"href":"https:\/\/www.archspm.org\/es\/wp-json\/wp\/v2\/posts\/12379\/revisions"}],"wp:featuredmedia":[{"embeddable":true,"href":"https:\/\/www.archspm.org\/es\/wp-json\/wp\/v2\/media\/209"}],"wp:attachment":[{"href":"https:\/\/www.archspm.org\/es\/wp-json\/wp\/v2\/media?parent=12379"}],"wp:term":[{"taxonomy":"category","embeddable":true,"href":"https:\/\/www.archspm.org\/es\/wp-json\/wp\/v2\/categories?post=12379"},{"taxonomy":"post_tag","embeddable":true,"href":"https:\/\/www.archspm.org\/es\/wp-json\/wp\/v2\/tags?post=12379"}],"curies":[{"name":"wp","href":"https:\/\/api.w.org\/{rel}","templated":true}]}}