{"id":12676,"date":"2025-11-24T21:28:14","date_gmt":"2025-11-25T02:28:14","guid":{"rendered":"https:\/\/www.archspm.org\/?p=12676"},"modified":"2025-11-24T19:17:32","modified_gmt":"2025-11-25T00:17:32","slug":"archbishops-weekly-word-a-participation-in-the-one-priesthood-of-christ","status":"publish","type":"post","link":"https:\/\/www.archspm.org\/es\/archbishops-weekly-word-a-participation-in-the-one-priesthood-of-christ\/","title":{"rendered":"Palabra semanal del arzobispo: Participaci\u00f3n en el \u00fanico sacerdocio de Cristo"},"content":{"rendered":"<h2>Juntos en el camino: Palabras semanales del Arzobispo Hebda<\/h2>\n<p><img decoding=\"async\" class=\"alignleft wp-image-8875 size-thumbnail\" src=\"https:\/\/www.archspm.org\/wp-content\/uploads\/2025\/04\/full-150x150.png\" alt=\"\" width=\"150\" height=\"150\" srcset=\"https:\/\/www.archspm.org\/wp-content\/uploads\/2025\/04\/full-150x150.png 150w, https:\/\/www.archspm.org\/wp-content\/uploads\/2025\/04\/full-12x12.png 12w, https:\/\/www.archspm.org\/wp-content\/uploads\/2025\/04\/full.png 248w\" sizes=\"(max-width: 150px) 100vw, 150px\" \/>Todav\u00eda estoy emocionado por haber estado con un grupo de estudiantes de secundaria de nuestra arquidi\u00f3cesis (y unos 16 000 compa\u00f1eros suyos) en la Conferencia Nacional de la Juventud Cat\u00f3lica en Indian\u00e1polis. Siempre es una experiencia estimulante, pero este a\u00f1o ha sido especialmente enriquecedora gracias a la participaci\u00f3n virtual del papa Le\u00f3n, que dedic\u00f3 una hora de su tiempo a responder a las preguntas formuladas por cinco adolescentes de todo Estados Unidos que estaban con nosotros en el Lucas Oil Stadium. El Santo Padre parec\u00eda sentirse como en casa entre tantos adolescentes, y sus respuestas a sus preguntas fueron c\u00e1lidas, perspicaces y estimulantes. Me encant\u00f3 o\u00edrle recordar a nuestros j\u00f3venes que no solo son el futuro de nuestra Iglesia, sino tambi\u00e9n su presente. Me encant\u00f3 c\u00f3mo les dijo: \u201cSi quer\u00e9is ayudar a la Iglesia a prepararse para el futuro, empezad por involucraros hoy mismo\u201d.\u201d<\/p>\n<p>Por los miembros de nuestro grupo y los otros j\u00f3venes con los que me encontr\u00e9, me qued\u00f3 claro que Dios est\u00e1 bendiciendo a nuestra Iglesia con j\u00f3venes entusiastas y abiertos a la gracia de Dios. Las filas para la confesi\u00f3n eran impresionantes, y muchos de nuestros adolescentes pudieron hablar de las formas en que ya est\u00e1n sirviendo a la Iglesia como l\u00edderes.<\/p>\n<p>La reuni\u00f3n fue, en muchos sentidos, un microcosmos de nuestra Iglesia. Junto a nuestros j\u00f3venes laicos se reunieron docenas de obispos, cientos de sacerdotes y di\u00e1conos, muchos j\u00f3venes religiosos y numerosas parejas casadas, lo que me record\u00f3 la sabidur\u00eda del Esp\u00edritu Santo al llamarnos a una variedad de vocaciones.<\/p>\n<p>La dimensi\u00f3n multicultural de nuestra Iglesia tambi\u00e9n qued\u00f3 claramente de manifiesto, con una parte considerable de j\u00f3venes, m\u00fasicos y presentadores que pasaban con total naturalidad del ingl\u00e9s al espa\u00f1ol. Me encant\u00f3 que uno de los participantes de nuestra arquidi\u00f3cesis tuviera el privilegio de ofrecer una de las oraciones universales de la misa en vietnamita.<\/p>\n<p>Hoy, por cierto, es un gran d\u00eda para nuestras comunidades vietnamitas: la fiesta de San Andr\u00e9s Dung-Lac y sus compa\u00f1eros, que fueron martirizados en Vietnam. En nuestra arquidi\u00f3cesis hay cuatro parroquias con comunidades cat\u00f3licas vietnamitas, y los vietnamitas estadounidenses tambi\u00e9n est\u00e1n muy presentes en muchas de nuestras otras parroquias de las Ciudades Gemelas.<\/p>\n<p>San Andr\u00e9s Dung-Lac naci\u00f3 en el norte de Vietnam y se convirti\u00f3 en sacerdote en 1823, una \u00e9poca en la que era peligroso ser cristiano en Vietnam. El emperador orden\u00f3 a los cristianos que pisotearan sus crucifijos para renunciar a su fe en Cristo. Andr\u00e9s y muchos otros cristianos se negaron a profanar estos objetos. Los fieles de Vietnam ayudaron a ocultar a los sacerdotes del emperador e hicieron todo lo posible para ayudarles a evitar la persecuci\u00f3n, a menudo sacrific\u00e1ndose a s\u00ed mismos por ayudarles a esconderse o escapar. No obstante, Andr\u00e9s y muchos otros cristianos vietnamitas fueron asesinados por difundir el Evangelio.<\/p>\n<p>La veneraci\u00f3n de Andr\u00e9s hoy se une a la de sus compa\u00f1eros que, al igual que el padre Andr\u00e9s, fueron martirizados. Me encantan las fiestas que nos invitan a recordar la complementariedad del clero santo con los laicos igualmente santos. Me recuerda que, independientemente de nuestra vocaci\u00f3n, somos un solo cuerpo en Cristo y trabajamos juntos para difundir la fe.<\/p>\n<p>Hace un par de semanas, escrib\u00ed sobre los documentos del Concilio Vaticano II, ahora que se acerca el 60 aniversario de la clausura de ese concilio. En aquel momento se escribi\u00f3 mucho sobre la necesaria colaboraci\u00f3n en la misi\u00f3n entre el clero y los laicos. Uno de los documentos m\u00e1s importantes, la Constituci\u00f3n dogm\u00e1tica sobre la Iglesia,\u00a0<a href=\"https:\/\/www.vatican.va\/archive\/hist_councils\/ii_vatican_council\/documents\/vat-ii_const_19641121_lumen-gentium_en.html\" target=\"_blank\" rel=\"noopener\"><em>Lumen Gentium<\/em><\/a>, explica: \u201cAunque difieren entre s\u00ed en esencia y no solo en grado, el sacerdocio com\u00fan de los fieles y el sacerdocio ministerial o jer\u00e1rquico est\u00e1n, sin embargo, interrelacionados: cada uno de ellos, a su manera especial, es una participaci\u00f3n en el \u00fanico sacerdocio de Cristo\u201d (10). El Decreto sobre el apostolado de los laicos,\u00a0<a href=\"https:\/\/www.vatican.va\/archive\/hist_councils\/ii_vatican_council\/documents\/vat-ii_decree_19651118_apostolicam-actuositatem_en.html\" target=\"_blank\" rel=\"noopener\"><em>Apostolicam Actuositatem<\/em><\/a>, se referir\u00eda de manera similar al \u201cpapel propio e indispensable de los laicos en la misi\u00f3n de la Iglesia\u201d (1).<\/p>\n<p>Tenemos la suerte de ver este modelo de colaboraci\u00f3n esencial no solo en nuestras parroquias vietnamitas, sino en toda nuestra arquidi\u00f3cesis, con feligreses comprometidos y llenos de fe que colaboran con sus p\u00e1rrocos. Por supuesto, en Indian\u00e1polis rec\u00e9 para que el Se\u00f1or llamara a algunos de los j\u00f3venes de nuestra delegaci\u00f3n de la NCYC a la vida consagrada o al sacerdocio, pero tambi\u00e9n le ped\u00ed que suscitara entre ellos madres y padres entusiastas, que se esforzaran por alcanzar la santidad en la vida matrimonial. Que nuestros j\u00f3venes (y los de todas las edades) respondan sin miedo a la llamada de Dios. \u00a1San Andr\u00e9s Dung-Lac y compa\u00f1eros, rogad por nosotros!<\/p>\n<p><em>\u00danete a m\u00e1s de 85,000 cat\u00f3licos que reciben mensualmente <a href=\"https:\/\/www.archspm.org\/es\/togetheronthejourney\/\">Juntos en el viaje<\/a> v\u00eddeos del arzobispo Hebda. Si se suscribe, tambi\u00e9n recibir\u00e1 su bolet\u00edn Weekly Word: <\/em><\/p>\n<p><em><a class=\"elementor-button elementor-button-link elementor-size-sm\" href=\"https:\/\/archspm.flocknote.com\/ArchbishopsWeekl\" target=\"_blank\" rel=\"noopener\"><span class=\"elementor-button-content-wrapper\"><span class=\"elementor-button-text\">Recibir el bolet\u00edn del Arzobispo<\/span><\/span><\/a><\/em><\/p>","protected":false},"excerpt":{"rendered":"<p>Todav\u00eda estoy emocionado por haber estado con un grupo de estudiantes de secundaria de nuestra arquidi\u00f3cesis (y unos 16,000 de sus compa\u00f1eros) en la Conferencia Nacional Cat\u00f3lica de la Juventud en Indian\u00e1polis.<\/p>","protected":false},"author":4,"featured_media":209,"comment_status":"closed","ping_status":"closed","sticky":false,"template":"","format":"standard","meta":{"footnotes":""},"categories":[14],"tags":[],"class_list":["post-12676","post","type-post","status-publish","format-standard","has-post-thumbnail","hentry","category-announcements"],"_links":{"self":[{"href":"https:\/\/www.archspm.org\/es\/wp-json\/wp\/v2\/posts\/12676","targetHints":{"allow":["GET"]}}],"collection":[{"href":"https:\/\/www.archspm.org\/es\/wp-json\/wp\/v2\/posts"}],"about":[{"href":"https:\/\/www.archspm.org\/es\/wp-json\/wp\/v2\/types\/post"}],"author":[{"embeddable":true,"href":"https:\/\/www.archspm.org\/es\/wp-json\/wp\/v2\/users\/4"}],"replies":[{"embeddable":true,"href":"https:\/\/www.archspm.org\/es\/wp-json\/wp\/v2\/comments?post=12676"}],"version-history":[{"count":0,"href":"https:\/\/www.archspm.org\/es\/wp-json\/wp\/v2\/posts\/12676\/revisions"}],"wp:featuredmedia":[{"embeddable":true,"href":"https:\/\/www.archspm.org\/es\/wp-json\/wp\/v2\/media\/209"}],"wp:attachment":[{"href":"https:\/\/www.archspm.org\/es\/wp-json\/wp\/v2\/media?parent=12676"}],"wp:term":[{"taxonomy":"category","embeddable":true,"href":"https:\/\/www.archspm.org\/es\/wp-json\/wp\/v2\/categories?post=12676"},{"taxonomy":"post_tag","embeddable":true,"href":"https:\/\/www.archspm.org\/es\/wp-json\/wp\/v2\/tags?post=12676"}],"curies":[{"name":"wp","href":"https:\/\/api.w.org\/{rel}","templated":true}]}}