{"id":15249,"date":"2026-04-25T00:18:14","date_gmt":"2026-04-25T04:18:14","guid":{"rendered":"https:\/\/www.archspm.org\/?p=15249"},"modified":"2026-04-25T00:18:14","modified_gmt":"2026-04-25T04:18:14","slug":"consecrating-the-united-states-to-the-sacred-heart-of-jesus","status":"publish","type":"post","link":"https:\/\/www.archspm.org\/es\/consecrating-the-united-states-to-the-sacred-heart-of-jesus\/","title":{"rendered":"Consagraci\u00f3n de los Estados Unidos al Sagrado Coraz\u00f3n de Jes\u00fas"},"content":{"rendered":"<p><strong>Fuente:\u00a0<\/strong><a href=\"https:\/\/www.usccb.org\/weholdthesetruths\" target=\"_blank\" rel=\"noopener\">Conferencia Episcopal de Estados Unidos<\/a><\/p>\n<p>El 11 de junio de 2026, como parte de la celebraci\u00f3n del 250.\u00ba aniversario de la firma de la Declaraci\u00f3n de Independencia, los obispos de Estados Unidos consagrar\u00e1n a los Estados Unidos de Am\u00e9rica al Sagrado Coraz\u00f3n de Jes\u00fas. Se anima a las parroquias de todo el pa\u00eds a unirse a los obispos para celebrar la consagraci\u00f3n de nuestra naci\u00f3n al Sagrado Coraz\u00f3n.<\/p>\n<p>V\u00e9ase <a href=\"https:\/\/www.usccb.org\/weholdthesetruths\" target=\"_blank\" rel=\"noopener\">recursos relacionados<\/a> de la USCCB, incluyendo un <a href=\"https:\/\/www.usccb.org\/prayers\/prayer-consecration-sacred-heart-jesus\" target=\"_blank\" rel=\"noopener\">Oraci\u00f3n al Sagrado Coraz\u00f3n de Jes\u00fas<\/a>, un <a href=\"https:\/\/www.usccb.org\/novena-sacred-heart-jesus\" target=\"_blank\" rel=\"noopener\">Novena al Sagrado Coraz\u00f3n de Jes\u00fas<\/a> y orientaci\u00f3n sobre <a href=\"https:\/\/www.usccb.org\/resources\/Local%20Celebrations%20%20of%20the%20Consecration%20of%20the%20United%20States%20of%20America%20%20to%20the%20Most%20Sacred%20Heart%20of%20Jesus%20%202026.pdf\" target=\"_blank\" rel=\"noopener\">celebraciones locales de la consagraci\u00f3n<\/a>.<\/p>","protected":false},"excerpt":{"rendered":"<p>El 11 de junio de 2026, como parte de la celebraci\u00f3n del 250.\u00ba aniversario de la firma de la Declaraci\u00f3n de Independencia, los obispos de Estados Unidos consagrar\u00e1n a los Estados Unidos de Am\u00e9rica al Sagrado Coraz\u00f3n de Jes\u00fas.<\/p>","protected":false},"author":2,"featured_media":11099,"comment_status":"closed","ping_status":"closed","sticky":false,"template":"","format":"standard","meta":{"footnotes":""},"categories":[14],"tags":[],"class_list":["post-15249","post","type-post","status-publish","format-standard","has-post-thumbnail","hentry","category-announcements"],"_links":{"self":[{"href":"https:\/\/www.archspm.org\/es\/wp-json\/wp\/v2\/posts\/15249","targetHints":{"allow":["GET"]}}],"collection":[{"href":"https:\/\/www.archspm.org\/es\/wp-json\/wp\/v2\/posts"}],"about":[{"href":"https:\/\/www.archspm.org\/es\/wp-json\/wp\/v2\/types\/post"}],"author":[{"embeddable":true,"href":"https:\/\/www.archspm.org\/es\/wp-json\/wp\/v2\/users\/2"}],"replies":[{"embeddable":true,"href":"https:\/\/www.archspm.org\/es\/wp-json\/wp\/v2\/comments?post=15249"}],"version-history":[{"count":2,"href":"https:\/\/www.archspm.org\/es\/wp-json\/wp\/v2\/posts\/15249\/revisions"}],"predecessor-version":[{"id":15251,"href":"https:\/\/www.archspm.org\/es\/wp-json\/wp\/v2\/posts\/15249\/revisions\/15251"}],"wp:featuredmedia":[{"embeddable":true,"href":"https:\/\/www.archspm.org\/es\/wp-json\/wp\/v2\/media\/11099"}],"wp:attachment":[{"href":"https:\/\/www.archspm.org\/es\/wp-json\/wp\/v2\/media?parent=15249"}],"wp:term":[{"taxonomy":"category","embeddable":true,"href":"https:\/\/www.archspm.org\/es\/wp-json\/wp\/v2\/categories?post=15249"},{"taxonomy":"post_tag","embeddable":true,"href":"https:\/\/www.archspm.org\/es\/wp-json\/wp\/v2\/tags?post=15249"}],"curies":[{"name":"wp","href":"https:\/\/api.w.org\/{rel}","templated":true}]}}