{"id":15277,"date":"2026-04-27T16:14:42","date_gmt":"2026-04-27T20:14:42","guid":{"rendered":"https:\/\/www.archspm.org\/?p=15277"},"modified":"2026-04-27T16:14:42","modified_gmt":"2026-04-27T20:14:42","slug":"appointments-april-23-2026","status":"publish","type":"post","link":"https:\/\/www.archspm.org\/es\/appointments-april-23-2026\/","title":{"rendered":"Nombramientos \u2013 23 de abril de 2026"},"content":{"rendered":"<h3 class=\"p1\">El arzobispo Bernard Hebda ha anunciado los siguientes nombramientos en la archidi\u00f3cesis de Saint Paul y Minneapolis:<\/h3>\n<h3 class=\"p2\">A partir del 25 de marzo de 2026<\/h3>\n<p class=\"p1\"><b>Di\u00e1cono John Fischer,<\/b>\u00a0asignado para ejercer el ministerio de di\u00e1cono permanente en la iglesia de Santo Tom\u00e1s Moro, en Saint Paul, y en la iglesia de San Francisco de Sales, en Saint Paul. Se trata de un traslado desde su anterior destino en la iglesia de San Patricio, en Inver Grove Heights.<\/p>\n<h3 class=\"p2\">A partir del 6 de abril de 2026<\/h3>\n<p class=\"p1\"><b>Di\u00e1cono Michael Nevin,<\/b>\u00a0ha sido destinado a ejercer el ministerio de di\u00e1cono permanente en la iglesia de San Miguel, en San Miguel. Se trata de un traslado desde su anterior destino en la iglesia de San Juan Bautista, en Excelsior.<\/p>\n<p class=\"p1\"><b>Di\u00e1cono John Shearer,<\/b>\u00a0ha sido destinado a ejercer el ministerio de di\u00e1cono permanente en la iglesia de San Maximiliano Kolbe, en Delano. Se trata de un traslado desde su anterior destino en la iglesia de la Natividad de la Sant\u00edsima Virgen, en Bloomington.<\/p>\n<h3 class=\"p2\">A partir del 12 de abril de 2026<\/h3>\n<p class=\"p1\"><b>Reverendo Jos\u00e9 Cort\u00e9s, FSCB,\u00a0<\/b>nombrado vicario parroquial de la iglesia de San Pedro en North Saint Paul. Anteriormente, el padre Cort\u00e9s hab\u00eda sido nombrado p\u00e1rroco de la misma parroquia.<\/p>\n<div class=\"td-a-rec td-a-rec-id-content_inline tdi_70 td_block_template_1\">\n<div id=\"div-gpt-ad-1676603961197-0\" data-google-query-id=\"CLTOz-_rjpQDFfFKCQkdouMK6w\">\n<p class=\"p1\"><b>Reverendo Pietro Rossotti, FSCB,\u00a0<\/b>nombrado p\u00e1rroco de la iglesia de San Pedro en North Saint Paul. El padre Rossotti ocupaba anteriormente el cargo de vicario parroquial de la misma parroquia.<\/p>\n<h3 class=\"p2\">A partir del 1 de mayo de 2026<\/h3>\n<p class=\"p1\"><b>Reverendo Andrew Jaspers,\u00a0<\/b>ha sido designado capell\u00e1n del Regions Hospital de Saint Paul. Se trata de un traslado desde su anterior destino como capell\u00e1n del North Memorial Health-Robbinsdale Hospital.<\/p>\n<p class=\"p1\"><b>Reverendo Brian Lynch,<\/b>\u00a0nombrado capell\u00e1n del North Memorial Health-Robbinsdale Hospital. Se trata de un traslado desde su anterior destino como capell\u00e1n del Regions Hospital de Saint Paul. El padre Lynch es tambi\u00e9n p\u00e1rroco de la iglesia de Santa \u00c1gata en Coates.<\/p>\n<h3 class=\"p2\">A partir del 1 de junio de 2026<\/h3>\n<p class=\"p1\"><b>Di\u00e1cono Greg Sroder,<\/b>\u00a0se le ha concedido el estatus de di\u00e1cono jubilado. El di\u00e1cono Sroder ha ejercido como di\u00e1cono en la Arquidi\u00f3cesis desde su ordenaci\u00f3n en 2001, y m\u00e1s recientemente en la iglesia de San Jos\u00e9, en West Saint Paul.<\/p>\n<h3 class=\"p2\">A partir del 9 de junio de 2026<\/h3>\n<p class=\"p1\"><b>Di\u00e1cono Ray Ortman,<\/b>\u00a0se le ha concedido el estatus de di\u00e1cono jubilado. El di\u00e1cono Ortman ha ejercido como di\u00e1cono en la Arquidi\u00f3cesis desde su ordenaci\u00f3n en 2002, y m\u00e1s recientemente en la iglesia de Santa Victoria, en Victoria.<\/p>\n<\/div>\n<\/div>","protected":false},"excerpt":{"rendered":"<p>El arzobispo Bernard Hebda ha anunciado los siguientes nombramientos en la archidi\u00f3cesis de Saint Paul y Minneapolis.<\/p>","protected":false},"author":4,"featured_media":7113,"comment_status":"closed","ping_status":"closed","sticky":false,"template":"","format":"standard","meta":{"footnotes":""},"categories":[14],"tags":[],"class_list":["post-15277","post","type-post","status-publish","format-standard","has-post-thumbnail","hentry","category-announcements"],"_links":{"self":[{"href":"https:\/\/www.archspm.org\/es\/wp-json\/wp\/v2\/posts\/15277","targetHints":{"allow":["GET"]}}],"collection":[{"href":"https:\/\/www.archspm.org\/es\/wp-json\/wp\/v2\/posts"}],"about":[{"href":"https:\/\/www.archspm.org\/es\/wp-json\/wp\/v2\/types\/post"}],"author":[{"embeddable":true,"href":"https:\/\/www.archspm.org\/es\/wp-json\/wp\/v2\/users\/4"}],"replies":[{"embeddable":true,"href":"https:\/\/www.archspm.org\/es\/wp-json\/wp\/v2\/comments?post=15277"}],"version-history":[{"count":2,"href":"https:\/\/www.archspm.org\/es\/wp-json\/wp\/v2\/posts\/15277\/revisions"}],"predecessor-version":[{"id":15279,"href":"https:\/\/www.archspm.org\/es\/wp-json\/wp\/v2\/posts\/15277\/revisions\/15279"}],"wp:featuredmedia":[{"embeddable":true,"href":"https:\/\/www.archspm.org\/es\/wp-json\/wp\/v2\/media\/7113"}],"wp:attachment":[{"href":"https:\/\/www.archspm.org\/es\/wp-json\/wp\/v2\/media?parent=15277"}],"wp:term":[{"taxonomy":"category","embeddable":true,"href":"https:\/\/www.archspm.org\/es\/wp-json\/wp\/v2\/categories?post=15277"},{"taxonomy":"post_tag","embeddable":true,"href":"https:\/\/www.archspm.org\/es\/wp-json\/wp\/v2\/tags?post=15277"}],"curies":[{"name":"wp","href":"https:\/\/api.w.org\/{rel}","templated":true}]}}