{"id":3793,"date":"2016-05-12T20:24:10","date_gmt":"2016-05-13T00:24:10","guid":{"rendered":"https:\/\/www.archspm.org\/statement-regarding-rev-marvin-klaers\/"},"modified":"2016-05-12T20:24:10","modified_gmt":"2016-05-13T00:24:10","slug":"statement-regarding-rev-marvin-klaers","status":"publish","type":"post","link":"https:\/\/www.archspm.org\/es\/statement-regarding-rev-marvin-klaers\/","title":{"rendered":"Declaraci\u00f3n sobre el reverendo Marvin Klaers"},"content":{"rendered":"<p><em>Del arzobispo Bernard Hebda<\/em><\/p>\n<p>La Arquidi\u00f3cesis de Saint Paul y Minneapolis ha tenido conocimiento de que hoy se ha presentado una demanda en la que se alega que el reverendo Marvin Klaers abus\u00f3 sexualmente de un menor en la d\u00e9cada de 1970. Siguiendo nuestro protocolo, hemos notificado de inmediato a las autoridades policiales de la zona donde, seg\u00fan se informa, ocurri\u00f3 el abuso. Nuestra Oficina de Normas Ministeriales y Entorno Seguro esperar\u00e1 a que las autoridades policiales den su aprobaci\u00f3n antes de llevar a cabo su propia investigaci\u00f3n.<\/p>\n<p>El padre Klaers no ejerce actualmente el ministerio y no lo ha hecho desde 2014.<\/p>\n<p>Les invito a que se unan a m\u00ed en oraci\u00f3n por todas las v\u00edctimas de abuso.<\/p>","protected":false},"excerpt":{"rendered":"<p>From Archbishop Bernard Hebda The Archdiocese of Saint Paul and Minneapolis learned that a lawsuit was served today alleging that Rev. Marvin Klaers sexually abused a minor in the 1970s.\u00a0 As is our protocol, we immediately notified law enforcement from the area where the abuse is reported to have happened.\u00a0 Our Office of Ministerial Standards [&hellip;]<\/p>\n","protected":false},"author":2,"featured_media":7112,"comment_status":"closed","ping_status":"closed","sticky":false,"template":"","format":"standard","meta":{"footnotes":""},"categories":[14],"tags":[],"class_list":["post-3793","post","type-post","status-publish","format-standard","has-post-thumbnail","hentry","category-announcements"],"_links":{"self":[{"href":"https:\/\/www.archspm.org\/es\/wp-json\/wp\/v2\/posts\/3793","targetHints":{"allow":["GET"]}}],"collection":[{"href":"https:\/\/www.archspm.org\/es\/wp-json\/wp\/v2\/posts"}],"about":[{"href":"https:\/\/www.archspm.org\/es\/wp-json\/wp\/v2\/types\/post"}],"author":[{"embeddable":true,"href":"https:\/\/www.archspm.org\/es\/wp-json\/wp\/v2\/users\/2"}],"replies":[{"embeddable":true,"href":"https:\/\/www.archspm.org\/es\/wp-json\/wp\/v2\/comments?post=3793"}],"version-history":[{"count":0,"href":"https:\/\/www.archspm.org\/es\/wp-json\/wp\/v2\/posts\/3793\/revisions"}],"wp:featuredmedia":[{"embeddable":true,"href":"https:\/\/www.archspm.org\/es\/wp-json\/wp\/v2\/media\/7112"}],"wp:attachment":[{"href":"https:\/\/www.archspm.org\/es\/wp-json\/wp\/v2\/media?parent=3793"}],"wp:term":[{"taxonomy":"category","embeddable":true,"href":"https:\/\/www.archspm.org\/es\/wp-json\/wp\/v2\/categories?post=3793"},{"taxonomy":"post_tag","embeddable":true,"href":"https:\/\/www.archspm.org\/es\/wp-json\/wp\/v2\/tags?post=3793"}],"curies":[{"name":"wp","href":"https:\/\/api.w.org\/{rel}","templated":true}]}}