{"id":3805,"date":"2016-07-20T20:49:11","date_gmt":"2016-07-21T00:49:11","guid":{"rendered":"https:\/\/www.archspm.org\/letter-faithful-archbishop-hebda\/"},"modified":"2016-07-20T20:49:11","modified_gmt":"2016-07-21T00:49:11","slug":"letter-faithful-archbishop-hebda","status":"publish","type":"post","link":"https:\/\/www.archspm.org\/es\/letter-faithful-archbishop-hebda\/","title":{"rendered":"Carta a los fieles del arzobispo Hebda"},"content":{"rendered":"<p>Del Reverend\u00edsimo Bernard A. Hebda<\/p>\n<p class=\"p2\">Queridos hermanos y hermanas en Cristo<\/p>\n<p class=\"p2\">Tradicionalmente, al comienzo de cada misa, nos ponemos de pie y pedimos a Dios y a los dem\u00e1s que nos perdonen \u201clo que hemos hecho y lo que hemos dejado de hacer\u201d. Es una oraci\u00f3n que nos invita a la humildad.<\/p>\n<p class=\"p2\">Hoy ha sido un d\u00eda para pedir perd\u00f3n por lo que hemos hecho y por lo que no hemos hecho. En la declaraci\u00f3n presentada ante el tribunal esta ma\u00f1ana, la Arquidi\u00f3cesis reconoci\u00f3 sus fallos en el manejo del caso de Curtis Wehmeyer, quien en su momento se desempe\u00f1\u00f3 como sacerdote de esta Arquidi\u00f3cesis. No le dimos prioridad a la seguridad y el bienestar de los ni\u00f1os a quienes \u00e9l lastim\u00f3, ante sus intereses y los de la Arquidi\u00f3cesis. En particular, no logramos impedir que abusara sexualmente de los ni\u00f1os. Esos ni\u00f1os, sus padres, sus familias, su parroquia y otras personas resultaron perjudicados. Lo sentimos. Yo lo siento.<\/p>\n<p class=\"p2\">S\u00e9 que las palabras por s\u00ed solas no bastan. Debemos hacerlo mejor. Ya se han puesto en marcha cambios de gran alcance. La Arquidi\u00f3cesis ha incorporado personal laico con experiencia relevante y s\u00f3lidos conocimientos para ayudar a crear los entornos m\u00e1s seguros posibles. El Acuerdo de Conciliaci\u00f3n Civil con el Fiscal del Condado de Ramsey, que hoy ampliamos y extendimos por un total de cuatro a\u00f1os, hace responsable a la Arquidi\u00f3cesis y garantiza que nuestras acciones seguir\u00e1n correspondiendo a nuestras palabras. Esta ma\u00f1ana, en el tribunal, presentamos nuestro primer informe de avances a la jueza Teresa Warner y le expusimos nuestro progreso hasta el momento y nuestro compromiso de cara al futuro.<\/p>\n<p class=\"p2\">Cuando llegu\u00e9 aqu\u00ed hace aproximadamente un a\u00f1o, acababan de hacerse p\u00fablicas las acusaciones penales y civiles contra la Arquidi\u00f3cesis. Hab\u00eda que tomar una decisi\u00f3n: \u00bfluch\u00e1bamos contra las acusaciones en los tribunales \u2014lo que habr\u00eda requerido a\u00f1os de tiempo y recursos\u2014 o colabor\u00e1bamos con la Fiscal\u00eda del Condado de Ramsey para intentar reparar el da\u00f1o causado a los afectados y lograr justicia para todos de la manera m\u00e1s amplia posible? Estoy agradecido de que el Se\u00f1or parezca haberme ofrecido orientaci\u00f3n de muchas formas diferentes. Agradezco especialmente el consejo que me brindaron nuestros l\u00edderes laicos a nivel arquidiocesano, as\u00ed como el sabio consejo y el apoyo de mis hermanos sacerdotes y di\u00e1conos.<\/p>\n<p class=\"p2\">La cooperaci\u00f3n parece haber sido el camino adecuado para alcanzar una resoluci\u00f3n justa. Hoy, el fiscal del condado de Ramsey ha desestimado los cargos penales. Y lo que es m\u00e1s importante, a trav\u00e9s de nuestro acuerdo de conciliaci\u00f3n civil, John Choi y yo nos hemos comprometido a seguir una l\u00ednea de actuaci\u00f3n que garantice la m\u00e1xima seguridad posible para los ni\u00f1os. Agradezco que su oficina nos haga rendir cuentas. Durante el \u00faltimo a\u00f1o, hemos trabajado con el Sr. Choi y su equipo para definir la mejor manera en que la Arquidi\u00f3cesis puede crear y mantener entornos seguros para los ni\u00f1os en nuestras parroquias, escuelas y comunidades. En los \u00faltimos seis meses, hemos demostrado nuestro compromiso con ese camino. Hoy, reconocemos con humildad nuestros errores del pasado y esperamos continuar por ese camino para alcanzar esos objetivos vitales y comunes que todos compartimos.<\/p>\n<p class=\"p1\">Me comprometo ante todas las v\u00edctimas y sobrevivientes, ante la comunidad y ante ustedes, mis hermanos y hermanas de esta Iglesia local, a avanzar con transparencia, en colaboraci\u00f3n y con humildad, sin olvidar nunca nuestro pasado. Nunca lo olvidaremos.<\/p>\n<p class=\"p1\">Les pido que sigan orando por todas las v\u00edctimas de abuso sexual y sus familias. Por favor, oren tambi\u00e9n por m\u00ed y sepan que rezo por ustedes cada d\u00eda.<\/p>\n<p class=\"p1\">Sinceramente en Cristo,<\/p>\n<p class=\"p1\">Reverend\u00edsimo Bernard A. Hebda<\/p>\n<p class=\"p1\">Arzobispo de San Pablo y Minneapolis<\/p>\n<p class=\"p1\"><strong>Recursos adicionales<\/strong><\/p>\n<ul>\n<li class=\"p1\"><a href=\"http:\/\/safe-environment.archspm.org\/wp-content\/uploads\/2016\/07\/RAMSEY-COUNTY-CRIMINAL-CASE-HEBDA-LETTER-TO-FAITHFUL-FINAL.pdf\" target=\"_blank\" rel=\"noopener\">Carta del arzobispo Hebda a los fieles (PDF)<\/a><\/li>\n<li class=\"p1\"><a href=\"http:\/\/safe-environment.archspm.org\/wp-content\/uploads\/2016\/07\/RAMSEY-COUNTY-CRIMINAL-HEARING-SUMMARY-INFO-SHEET-7-20-FINAL.pdf\" target=\"_blank\" rel=\"noopener\">Hoja informativa: Resumen de la audiencia del condado de Ramsey celebrada el 20 de julio de 2016<\/a><\/li>\n<li class=\"p1\"><a href=\"http:\/\/safe-environment.archspm.org\/download\/first-report-archdiocese-status-progress-implementation-settlement-agreement\/\" target=\"_blank\" rel=\"noopener\">Primer informe de la Arquidi\u00f3cesis sobre la situaci\u00f3n y los avances en la aplicaci\u00f3n del acuerdo de conciliaci\u00f3n<\/a><\/li>\n<li class=\"p1\"><a href=\"http:\/\/safe-environment.archspm.org\/download\/amendment-settlement-agreement\/\" target=\"_blank\" rel=\"noopener\">Modificaci\u00f3n del acuerdo de conciliaci\u00f3n<\/a><\/li>\n<li class=\"p1\"><a href=\"http:\/\/safe-environment.archspm.org\/wp-content\/uploads\/2016\/07\/RAMSEY-COUNTY-CHARGES-DISMISSED-HEBDA-MEDIA-STATEMENT-7-20-16-FINAL.pdf\" target=\"_blank\" rel=\"noopener\">Comunicado de prensa del arzobispo Hebda<\/a><\/li>\n<li class=\"p1\"><a href=\"http:\/\/safe-environment.archspm.org\/wp-content\/uploads\/2016\/07\/RAMSEY-COUNTY-CRIMINAL-JANELL-MEDIA-STATEMENT-7-20-16.pdf\" target=\"_blank\" rel=\"noopener\">Comunicado de prensa de Janell Rasmussen<\/a><\/li>\n<li class=\"p1\"><a href=\"http:\/\/safe-environment.archspm.org\/news-events\/statement-from-patty-wetterling-regarding-joining-the-ministerial-review-board\/\" target=\"_blank\" rel=\"noopener\">Declaraci\u00f3n de Patty Wetterling sobre su incorporaci\u00f3n a la Junta de Revisi\u00f3n Ministerial<\/a><\/li>\n<li class=\"p1\"><a href=\"https:\/\/www.archspm.org\/es\/response-release-documents\/\" target=\"_blank\" rel=\"noopener noreferrer\">Respuesta a la publicaci\u00f3n de documentos<\/a><\/li>\n<\/ul>","protected":false},"excerpt":{"rendered":"<p>From Most Reverend Bernard A. Hebda Dear Brothers and Sisters in Christ, Traditionally, at the beginning of each Mass, we stand and ask God and each other to forgive \u201cwhat we have done and what we have failed to do.\u201d It is a humbling prayer. Today has been a day of asking for forgiveness for [&hellip;]<\/p>\n","protected":false},"author":2,"featured_media":7112,"comment_status":"closed","ping_status":"closed","sticky":false,"template":"","format":"standard","meta":{"footnotes":""},"categories":[14],"tags":[],"class_list":["post-3805","post","type-post","status-publish","format-standard","has-post-thumbnail","hentry","category-announcements"],"_links":{"self":[{"href":"https:\/\/www.archspm.org\/es\/wp-json\/wp\/v2\/posts\/3805","targetHints":{"allow":["GET"]}}],"collection":[{"href":"https:\/\/www.archspm.org\/es\/wp-json\/wp\/v2\/posts"}],"about":[{"href":"https:\/\/www.archspm.org\/es\/wp-json\/wp\/v2\/types\/post"}],"author":[{"embeddable":true,"href":"https:\/\/www.archspm.org\/es\/wp-json\/wp\/v2\/users\/2"}],"replies":[{"embeddable":true,"href":"https:\/\/www.archspm.org\/es\/wp-json\/wp\/v2\/comments?post=3805"}],"version-history":[{"count":0,"href":"https:\/\/www.archspm.org\/es\/wp-json\/wp\/v2\/posts\/3805\/revisions"}],"wp:featuredmedia":[{"embeddable":true,"href":"https:\/\/www.archspm.org\/es\/wp-json\/wp\/v2\/media\/7112"}],"wp:attachment":[{"href":"https:\/\/www.archspm.org\/es\/wp-json\/wp\/v2\/media?parent=3805"}],"wp:term":[{"taxonomy":"category","embeddable":true,"href":"https:\/\/www.archspm.org\/es\/wp-json\/wp\/v2\/categories?post=3805"},{"taxonomy":"post_tag","embeddable":true,"href":"https:\/\/www.archspm.org\/es\/wp-json\/wp\/v2\/tags?post=3805"}],"curies":[{"name":"wp","href":"https:\/\/api.w.org\/{rel}","templated":true}]}}