{"id":3878,"date":"2009-05-27T22:10:20","date_gmt":"2009-05-28T02:10:20","guid":{"rendered":"https:\/\/www.archspm.org\/reverend-lee-piche-named-auxiliary-bishop-saint-paul-minneapolis\/"},"modified":"2009-05-27T22:10:20","modified_gmt":"2009-05-28T02:10:20","slug":"reverend-lee-piche-named-auxiliary-bishop-saint-paul-minneapolis","status":"publish","type":"post","link":"https:\/\/www.archspm.org\/es\/reverend-lee-piche-named-auxiliary-bishop-saint-paul-minneapolis\/","title":{"rendered":"El reverendo Lee Pich\u00e9 es nombrado obispo auxiliar de Saint Paul y Minneapolis"},"content":{"rendered":"<p>El Vaticano ha anunciado hoy que el papa Benedicto XVI ha nombrado al reverendo Lee Pich\u00e9 obispo auxiliar de la Arquidi\u00f3cesis de Saint Paul y Minneapolis.<\/p>\n<p>El obispo electo Pich\u00e9 sustituye al reverend\u00edsimo Richard E. Pates, quien tom\u00f3 posesi\u00f3n como obispo de la Di\u00f3cesis de Des Moines en mayo de 2008. Desde junio de 2008, Pich\u00e9 ha sido moderador de la Curia y vicario general del reverend\u00edsimo John C. Nienstedt, arzobispo de Saint Paul y Minneapolis. La ordenaci\u00f3n est\u00e1 prevista para el 29 de junio, fiesta de los ap\u00f3stoles Pedro y Pablo, en la catedral de Saint Paul.<\/p>\n<p>\u201cMe siento honrado y conmovido por la confianza que el Santo Padre ha depositado en m\u00ed\u201d, declar\u00f3 Pich\u00e9 al referirse a su nombramiento. \u201cEsta es una gran archidi\u00f3cesis, con muchas personas, parroquias e instituciones bendecidas y llenas de talento, pero tambi\u00e9n con algunos retos importantes. Doy gracias a Dios por llamarme a servir de esta manera. Desde que recib\u00ed esta noticia, he estado rezando para que Dios me d\u00e9 fuerzas para ser fiel en el ministerio episcopal\u201d.\u201d<\/p>\n<p>\u201cSer\u00e1 un privilegio para m\u00ed poder ofrecer otro tipo de apoyo al arzobispo Nienstedt, a quien he llegado a admirar y respetar enormemente durante mi etapa como vicario general. Trabaja duro y se comunica bien, con frecuencia y con claridad. Con \u00e9l, uno siempre sabe a qu\u00e9 atenerse. Ser\u00e1 un buen mentor para m\u00ed\u201d, afirm\u00f3 Pich\u00e9.<\/p>\n<p>El arzobispo John Nienstedt elogi\u00f3 la elecci\u00f3n del obispo electo Pich\u00e9 por parte del Santo Padre: \u201cHe estado rezando todos los d\u00edas, a veces varias veces al d\u00eda, para que se me asignara un asistente bueno y santo, y mis oraciones han sido escuchadas. El obispo electo Pich\u00e9 es uno de los sacerdotes m\u00e1s respetados de la Arquidi\u00f3cesis. Ha sido un pastor exitoso en varias parroquias grandes y ha desempe\u00f1ado con distinci\u00f3n los cargos de moderador de la Curia y vicario general. Espero con ansias trabajar con \u00e9l para satisfacer las necesidades pastorales de esta gran y vibrante Arquidi\u00f3cesis\u201d.\u201d<\/p>\n<p>\u201cEs un momento emocionante para participar en el ministerio de esta Arquidi\u00f3cesis\u201d, a\u00f1adi\u00f3 Pich\u00e9. \u201cAcabamos de iniciar una importante tarea de consulta generalizada y planificaci\u00f3n estrat\u00e9gica a largo plazo sobre c\u00f3mo podemos utilizar mejor los dones que tenemos para el ministerio, tanto en lo que respecta al personal como a los recursos materiales. A medida que aclaremos nuestras prioridades pastorales, tambi\u00e9n buscaremos nuevas formas de colaborar m\u00e1s entre nosotros m\u00e1s all\u00e1 de los l\u00edmites parroquiales, lo que a su vez deber\u00eda hacernos m\u00e1s eficaces en el cumplimiento de nuestra misi\u00f3n como Iglesia de Cristo en este tiempo y lugar\u201d.\u201d<\/p>\n<p>\u201cHe visto al arzobispo Nienstedt trabajar muy duro para hacer frente a las incesantes solicitudes y a la gran carga de trabajo \u2014desempe\u00f1ando una labor que antes realizaban tres obispos\u2014 y muchos de nosotros en la curia hemos estado rezando todos los d\u00edas para que llegara un obispo auxiliar que le quitara parte de la carga de las confirmaciones y otros compromisos. Lo que nunca imagin\u00e9 es que esas oraciones se responder\u00edan exactamente de esta manera\u201d, dijo Pich\u00e9.<\/p>\n<p>Pich\u00e9 admiti\u00f3 que siente cierto temor ante su nuevo cargo como obispo. \u201cJusto estaba empezando a entender c\u00f3mo desempe\u00f1ar el cargo de vicario general, y entonces ocurre esto\u201d, dijo. \u201cS\u00e9 todo lo que quedaba pendiente en mi oficina; por muchas horas que trabajara al d\u00eda, siempre quedaban cosas por hacer. Pero tengo muchas ganas de ampliar mi ministerio sacramental y lit\u00fargico, y de salir a las parroquias\u201d.\u201d<\/p>\n<p>Nacido en Minneapolis, Pich\u00e9 curs\u00f3 su formaci\u00f3n teol\u00f3gica en el Seminario de Saint Paul y fue ordenado sacerdote en 1984 en la Catedral de Saint Paul. Posee una Maestr\u00eda en Teolog\u00eda del Seminario de Saint Paul y una Maestr\u00eda en Filosof\u00eda de la Universidad de Columbia en Nueva York. Se desempe\u00f1\u00f3 como vicario de la Iglesia de San Marcos en San Pablo hasta 1987 y ense\u00f1\u00f3 filosof\u00eda de pregrado en la Universidad de Santo Tom\u00e1s de 1994 a 1997. Al regresar al ministerio parroquial de tiempo completo en 1999, se desempe\u00f1\u00f3 durante casi seis a\u00f1os como p\u00e1rroco de la Iglesia de San Jos\u00e9 en West St. Paul, y luego, hasta 2008, como p\u00e1rroco de la Iglesia de Todos los Santos en Lakeville. De 2000 a 2008, fue presidente de la Comisi\u00f3n para el Ecumenismo y los Asuntos Interreligiosos de la Arquidi\u00f3cesis. En 2008 fue nombrado por el arzobispo John C. Nienstedt moderador de la Curia y vicario general. Al mismo tiempo, fue nombrado p\u00e1rroco de la Iglesia de San Andr\u00e9s, situada cerca del lago Como.<\/p>\n<p>Hijo de LeRoy y Cecilia Pich\u00e9, de New Brighton (Minnesota), es el mayor de siete hermanos. Tres de sus cuatro hermanos y sus dos hermanas viven en las Ciudades Gemelas; un hermano vive en Fresno (California). Es t\u00edo de diecis\u00e9is sobrinos y cinco sobrinas.<\/p>","protected":false},"excerpt":{"rendered":"<p>27 de mayo de 2009 \u2013 El Vaticano ha anunciado hoy que el papa Benedicto XVI ha nombrado al reverendo Lee Pich\u00e9 obispo auxiliar de la Arquidi\u00f3cesis de Saint Paul y Minneapolis.<\/p>","protected":false},"author":2,"featured_media":7112,"comment_status":"closed","ping_status":"closed","sticky":false,"template":"","format":"standard","meta":{"footnotes":""},"categories":[14],"tags":[],"class_list":["post-3878","post","type-post","status-publish","format-standard","has-post-thumbnail","hentry","category-announcements"],"_links":{"self":[{"href":"https:\/\/www.archspm.org\/es\/wp-json\/wp\/v2\/posts\/3878","targetHints":{"allow":["GET"]}}],"collection":[{"href":"https:\/\/www.archspm.org\/es\/wp-json\/wp\/v2\/posts"}],"about":[{"href":"https:\/\/www.archspm.org\/es\/wp-json\/wp\/v2\/types\/post"}],"author":[{"embeddable":true,"href":"https:\/\/www.archspm.org\/es\/wp-json\/wp\/v2\/users\/2"}],"replies":[{"embeddable":true,"href":"https:\/\/www.archspm.org\/es\/wp-json\/wp\/v2\/comments?post=3878"}],"version-history":[{"count":0,"href":"https:\/\/www.archspm.org\/es\/wp-json\/wp\/v2\/posts\/3878\/revisions"}],"wp:featuredmedia":[{"embeddable":true,"href":"https:\/\/www.archspm.org\/es\/wp-json\/wp\/v2\/media\/7112"}],"wp:attachment":[{"href":"https:\/\/www.archspm.org\/es\/wp-json\/wp\/v2\/media?parent=3878"}],"wp:term":[{"taxonomy":"category","embeddable":true,"href":"https:\/\/www.archspm.org\/es\/wp-json\/wp\/v2\/categories?post=3878"},{"taxonomy":"post_tag","embeddable":true,"href":"https:\/\/www.archspm.org\/es\/wp-json\/wp\/v2\/tags?post=3878"}],"curies":[{"name":"wp","href":"https:\/\/api.w.org\/{rel}","templated":true}]}}