{"id":4041,"date":"2020-06-05T22:19:33","date_gmt":"2020-06-06T02:19:33","guid":{"rendered":"https:\/\/www.archspm.org\/novena-for-national-unity-and-an-end-to-racism-begins-june-7\/"},"modified":"2020-06-05T22:19:33","modified_gmt":"2020-06-06T02:19:33","slug":"novena-for-national-unity-and-an-end-to-racism-begins-june-7","status":"publish","type":"post","link":"https:\/\/www.archspm.org\/es\/novena-for-national-unity-and-an-end-to-racism-begins-june-7\/","title":{"rendered":"La Novena por la unidad nacional y el fin del racismo comienza el 7 de junio"},"content":{"rendered":"<p><em>De la Oficina Arquidiocesana de Culto<\/em><\/p>\n<p>A la luz de los actuales conflictos sociales (adem\u00e1s del continuo sufrimiento pand\u00e9mico), los Caballeros de Col\u00f3n han compuesto una Novena de oraci\u00f3n de 9 d\u00edas que comienza este domingo 7 de junio y termina el lunes 15 de junio.<\/p>\n<p><a href=\"http:\/\/www.kofc.org\/en\/resources\/communications\/national-unity-novena.pdf\" target=\"_blank\" rel=\"noopener noreferrer\"><strong>Descargar la Novena aqu\u00ed<\/strong><\/a>.<\/p>\n<p>Los individuos y las familias pueden rezar esta Novena, y las parroquias pueden optar por rezarla juntos (por ejemplo, como conclusi\u00f3n de la Oraci\u00f3n Universal durante la Misa).<\/p>\n<p>Las parroquias tambi\u00e9n pueden optar por publicar la Novena en el bolet\u00edn, en la gu\u00eda de la misa o en la p\u00e1gina web de la parroquia.<\/p>","protected":false},"excerpt":{"rendered":"<p>A la luz de los actuales conflictos sociales (adem\u00e1s del continuo sufrimiento pand\u00e9mico), los Caballeros de Col\u00f3n han compuesto una Novena de oraci\u00f3n de 9 d\u00edas que comienza este domingo 7 de junio y termina el lunes 15 de junio.<\/p>","protected":false},"author":2,"featured_media":7112,"comment_status":"closed","ping_status":"closed","sticky":false,"template":"","format":"standard","meta":{"footnotes":""},"categories":[14],"tags":[39],"class_list":["post-4041","post","type-post","status-publish","format-standard","has-post-thumbnail","hentry","category-announcements","tag-race"],"_links":{"self":[{"href":"https:\/\/www.archspm.org\/es\/wp-json\/wp\/v2\/posts\/4041","targetHints":{"allow":["GET"]}}],"collection":[{"href":"https:\/\/www.archspm.org\/es\/wp-json\/wp\/v2\/posts"}],"about":[{"href":"https:\/\/www.archspm.org\/es\/wp-json\/wp\/v2\/types\/post"}],"author":[{"embeddable":true,"href":"https:\/\/www.archspm.org\/es\/wp-json\/wp\/v2\/users\/2"}],"replies":[{"embeddable":true,"href":"https:\/\/www.archspm.org\/es\/wp-json\/wp\/v2\/comments?post=4041"}],"version-history":[{"count":0,"href":"https:\/\/www.archspm.org\/es\/wp-json\/wp\/v2\/posts\/4041\/revisions"}],"wp:featuredmedia":[{"embeddable":true,"href":"https:\/\/www.archspm.org\/es\/wp-json\/wp\/v2\/media\/7112"}],"wp:attachment":[{"href":"https:\/\/www.archspm.org\/es\/wp-json\/wp\/v2\/media?parent=4041"}],"wp:term":[{"taxonomy":"category","embeddable":true,"href":"https:\/\/www.archspm.org\/es\/wp-json\/wp\/v2\/categories?post=4041"},{"taxonomy":"post_tag","embeddable":true,"href":"https:\/\/www.archspm.org\/es\/wp-json\/wp\/v2\/tags?post=4041"}],"curies":[{"name":"wp","href":"https:\/\/api.w.org\/{rel}","templated":true}]}}