{"id":4213,"date":"2022-08-13T05:57:16","date_gmt":"2022-08-13T09:57:16","guid":{"rendered":"https:\/\/www.archspm.org\/u-s-bishops-chairman-for-ecumenical-and-interreligious-affairs-shares-statement-from-catholic-co-chairman-of-national-catholic-muslim-dialogue-catholics-in-the-united-states-stand\/"},"modified":"2022-08-13T05:57:16","modified_gmt":"2022-08-13T09:57:16","slug":"u-s-bishops-chairman-for-ecumenical-and-interreligious-affairs-shares-statement-from-catholic-co-chairman-of-national-catholic-muslim-dialogue-catholics-in-the-united-states-stand","status":"publish","type":"post","link":"https:\/\/www.archspm.org\/es\/u-s-bishops-chairman-for-ecumenical-and-interreligious-affairs-shares-statement-from-catholic-co-chairman-of-national-catholic-muslim-dialogue-catholics-in-the-united-states-stand\/","title":{"rendered":"El Presidente de los Obispos de EE.UU. para Asuntos Ecum\u00e9nicos e Interreligiosos comparte la declaraci\u00f3n del copresidente cat\u00f3lico del Di\u00e1logo Nacional Cat\u00f3lico-Musulm\u00e1n: \"Los cat\u00f3licos de Estados Unidos nos solidarizamos con nuestros vecinos musulmanes\""},"content":{"rendered":"<p><strong>Fuente:\u00a0<\/strong><a href=\"https:\/\/www.usccb.org\/news\/2022\/us-bishops-chairman-ecumenical-and-interreligious-affairs-shares-statement-catholic-co\" target=\"_blank\" rel=\"noopener\">Conferencia Episcopal de Estados Unidos<\/a><\/p>\n<p>El obispo David P. Talley, de Memphis, presidente del Comit\u00e9 de Asuntos Ecum\u00e9nicos e Interreligiosos de la Conferencia Episcopal de Estados Unidos, ha difundido la declaraci\u00f3n del cardenal Blase J. Cupich, de Chicago, copresidente cat\u00f3lico del Di\u00e1logo Nacional Cat\u00f3lico-Musulm\u00e1n.<\/p>\n<p>A continuaci\u00f3n se incluye el texto completo de la declaraci\u00f3n del cardenal Cupich, titulada \u201cLos cat\u00f3licos de Estados Unidos se solidarizan con nuestros vecinos musulmanes\u201d:<\/p>\n<p>\u201cA la luz de la tr\u00e1gica p\u00e9rdida de cuatro vidas musulmanas en Albuquerque la semana pasada, reitero el compromiso de la Arquidi\u00f3cesis de Santa Fe <a href=\"https:\/\/archdiosf.org\/documents\/2022\/8\/220807_Statement_PrayforMuslimCommunity.pdf\" target=\"_blank\" rel=\"noopener\">declaraci\u00f3n<\/a> que \u2018la comunidad cat\u00f3lica se solidariza con nuestros hermanos y hermanas musulmanes en estos momentos de crisis\u2019. Como presidente del di\u00e1logo nacional entre cat\u00f3licos y musulmanes, he tenido la suerte de recorrer el camino del di\u00e1logo y la amistad junto a nuestros vecinos musulmanes de todo Estados Unidos. Nos unimos a ustedes en su dolor y les prometemos que los tendremos presentes en nuestras oraciones.<\/p>\n<p>\u201cEn su enc\u00edclica <a href=\"https:\/\/www.vatican.va\/content\/francesco\/en\/encyclicals\/documents\/papa-francesco_20201003_enciclica-fratelli-tutti.html\" target=\"_blank\" rel=\"noopener\"><em>Fratelli Tutti<\/em><\/a>, el papa Francisco destac\u00f3 una importante reflexi\u00f3n de los obispos de la India: \u2018El objetivo del di\u00e1logo es establecer la amistad, la paz y la armon\u00eda, y compartir valores y experiencias espirituales y morales con un esp\u00edritu de verdad y amor\u2019 (271). Que todas las personas de buena voluntad trabajen juntas para liberar a nuestras comunidades de toda forma de violencia, a fin de que podamos disfrutar del don de la paz de Dios\u201d.\u201d<\/p>","protected":false},"excerpt":{"rendered":"<p>Source:\u00a0United States Conference of Catholic Bishops Bishop David P. Talley of Memphis, chairman of the U.S. Conference of Catholic Bishops\u2019 Committee on Ecumenical and Interreligious Affairs, has shared the statement of Cardinal Blase J. Cupich of Chicago, Catholic co-chairman of the National Catholic-Muslim Dialogue. Full text of Cardinal Cupich\u2019s statement, \u201cCatholics in the United States [&hellip;]<\/p>\n","protected":false},"author":2,"featured_media":7112,"comment_status":"closed","ping_status":"closed","sticky":false,"template":"","format":"standard","meta":{"footnotes":""},"categories":[14],"tags":[],"class_list":["post-4213","post","type-post","status-publish","format-standard","has-post-thumbnail","hentry","category-announcements"],"_links":{"self":[{"href":"https:\/\/www.archspm.org\/es\/wp-json\/wp\/v2\/posts\/4213","targetHints":{"allow":["GET"]}}],"collection":[{"href":"https:\/\/www.archspm.org\/es\/wp-json\/wp\/v2\/posts"}],"about":[{"href":"https:\/\/www.archspm.org\/es\/wp-json\/wp\/v2\/types\/post"}],"author":[{"embeddable":true,"href":"https:\/\/www.archspm.org\/es\/wp-json\/wp\/v2\/users\/2"}],"replies":[{"embeddable":true,"href":"https:\/\/www.archspm.org\/es\/wp-json\/wp\/v2\/comments?post=4213"}],"version-history":[{"count":0,"href":"https:\/\/www.archspm.org\/es\/wp-json\/wp\/v2\/posts\/4213\/revisions"}],"wp:featuredmedia":[{"embeddable":true,"href":"https:\/\/www.archspm.org\/es\/wp-json\/wp\/v2\/media\/7112"}],"wp:attachment":[{"href":"https:\/\/www.archspm.org\/es\/wp-json\/wp\/v2\/media?parent=4213"}],"wp:term":[{"taxonomy":"category","embeddable":true,"href":"https:\/\/www.archspm.org\/es\/wp-json\/wp\/v2\/categories?post=4213"},{"taxonomy":"post_tag","embeddable":true,"href":"https:\/\/www.archspm.org\/es\/wp-json\/wp\/v2\/tags?post=4213"}],"curies":[{"name":"wp","href":"https:\/\/api.w.org\/{rel}","templated":true}]}}