{"id":4280,"date":"2023-10-11T14:00:28","date_gmt":"2023-10-11T18:00:28","guid":{"rendered":"https:\/\/www.archspm.org\/statement-regarding-organizational-changes-to-archdiocesan-catholic-center\/"},"modified":"2023-10-11T14:00:28","modified_gmt":"2023-10-11T18:00:28","slug":"statement-regarding-organizational-changes-to-archdiocesan-catholic-center","status":"publish","type":"post","link":"https:\/\/www.archspm.org\/es\/statement-regarding-organizational-changes-to-archdiocesan-catholic-center\/","title":{"rendered":"Declaraci\u00f3n sobre los cambios organizativos en el Centro Cat\u00f3lico Arquidiocesano"},"content":{"rendered":"<p><em><span class=\"TextRun SCXW16074470 BCX0\" lang=\"EN-US\" xml_lang=\"EN-US\" data-contrast=\"auto\"><span class=\"NormalTextRun SCXW16074470 BCX0\">From Bill Lentsch, Chief Operating Officer\u00a0<\/span><\/span><span class=\"EOP SCXW16074470 BCX0\" data-ccp-props=\"{&quot;201341983&quot;:0,&quot;335551550&quot;:2,&quot;335551620&quot;:2,&quot;335559739&quot;:160,&quot;335559740&quot;:259}\">\u00a0<\/span><\/em><\/p>\n<p><span data-contrast=\"auto\">Since the summer of 2020, the central offices of the Archdiocese of Saint Paul and Minneapolis \u2013 known as the Archdiocesan Catholic Center (ACC) \u2013 has been working to better serve the clergy, parishes, Catholic schools and Catholic entities in the 12 counties that comprise this local Church. That work started with an <\/span><a href=\"https:\/\/thecatholicspirit.com\/news\/local-news\/archdiocese-launching-evaluation-of-catholic-centers-work-wide-reaching-survey-kicks-off-process\/\" target=\"_blank\" rel=\"noopener\"><span data-contrast=\"none\">Organizational Health Index<\/span><\/a><span data-contrast=\"auto\"> survey; subsequent data review and steering committee work by employees and clergy serving at parishes, schools and the ACC; and then ongoing work to serve our parish and school partners more effectively and efficiently. It has been an honor to lead that work since my arrival in October 2021.\u00a0<\/span><span data-ccp-props=\"{&quot;201341983&quot;:0,&quot;335551550&quot;:1,&quot;335551620&quot;:1,&quot;335559739&quot;:160,&quot;335559740&quot;:259}\">\u00a0<\/span><\/p>\n<p><span data-contrast=\"auto\">One of the most significant steps occurred in September 2022 with the implementation of our Mission Support Concierge, who assists our parish and school partners exclusively, followed by the launch of a dedicated Mission Support website in February 2023. The Mission Support platform has been very well received and will become the foundation of our enhanced customer service delivery model going forward.\u00a0<\/span><span data-ccp-props=\"{&quot;201341983&quot;:0,&quot;335551550&quot;:1,&quot;335551620&quot;:1,&quot;335559739&quot;:160,&quot;335559740&quot;:259}\">\u00a0<\/span><\/p>\n<p><span data-contrast=\"auto\">In that past year, we have also focused on refining the Archdiocesan mission statement and clarified the ACC\u2019s purpose. Our collaborative work has led to further work on the foundation of elevating our level of customer service.\u00a0<\/span><span data-ccp-props=\"{&quot;201341983&quot;:0,&quot;335551550&quot;:1,&quot;335551620&quot;:1,&quot;335559739&quot;:160,&quot;335559740&quot;:259}\">\u00a0<\/span><\/p>\n<p><span data-contrast=\"auto\">In short, that work has let to these changes:\u00a0<\/span><span data-ccp-props=\"{&quot;201341983&quot;:0,&quot;335551550&quot;:1,&quot;335551620&quot;:1,&quot;335559739&quot;:160,&quot;335559740&quot;:259}\">\u00a0<\/span><\/p>\n<ol>\n<li data-leveltext=\"%1.\" data-font=\"\" data-listid=\"1\" data-list-defn-props=\"{&quot;335552541&quot;:0,&quot;335559684&quot;:-1,&quot;335559685&quot;:720,&quot;335559991&quot;:360,&quot;469769242&quot;:[65533,0],&quot;469777803&quot;:&quot;left&quot;,&quot;469777804&quot;:&quot;%1.&quot;,&quot;469777815&quot;:&quot;hybridMultilevel&quot;}\" aria-setsize=\"-1\" data-aria-posinset=\"1\" data-aria-level=\"1\"><span data-contrast=\"auto\">Three of our primary parish facing resources \u2013 Office for the Protection of Children and Youth liaisons, Parish Services Coordinators, and Mission Support Concierge \u2013 will be combined into a new group named Mission Support. This will facilitate greater service coordination and clarity of contact for those we serve in our parishes.\u00a0The Mission Support group will be led by Mo Bartz, who will report directly to me.<\/span><\/li>\n<li data-leveltext=\"%1.\" data-font=\"\" data-listid=\"1\" data-list-defn-props=\"{&quot;335552541&quot;:0,&quot;335559684&quot;:-1,&quot;335559685&quot;:720,&quot;335559991&quot;:360,&quot;469769242&quot;:[65533,0],&quot;469777803&quot;:&quot;left&quot;,&quot;469777804&quot;:&quot;%1.&quot;,&quot;469777815&quot;:&quot;hybridMultilevel&quot;}\" aria-setsize=\"-1\" data-aria-posinset=\"1\" data-aria-level=\"1\"><span data-contrast=\"auto\">The Office of Clergy Services will be a stand-alone entity, led by Father Michael Tix, Vicar for Clergy for the Archdiocese. This office will focus solely on the well-being of our clergy, from their formation to the end of their earthly lives.\u00a0<\/span><span data-ccp-props=\"{&quot;201341983&quot;:0,&quot;335551550&quot;:1,&quot;335551620&quot;:1,&quot;335559739&quot;:160,&quot;335559740&quot;:259}\">\u00a0<\/span><\/li>\n<\/ol>\n<p><span data-contrast=\"auto\">It is my hope that these changes in service will better meet the needs of the hardworking clergy and staff directly ministering to the lay faithful of this Archdiocese.<\/span><span data-ccp-props=\"{&quot;201341983&quot;:0,&quot;335551550&quot;:1,&quot;335551620&quot;:1,&quot;335559685&quot;:0,&quot;335559739&quot;:160,&quot;335559740&quot;:259}\">\u00a0<\/span><\/p>\n<p><span data-contrast=\"auto\">One additional organizational change: The Office of Marriage, Family and Life is now called the Office of Marriage, Family and Youth. The name change was driven by feedback received through the Synod process and outlined in <\/span><a href=\"https:\/\/www.archspm.org\/synodletter\"><span data-contrast=\"none\">Archbishop Hebda\u2019s Pastoral Letter<\/span><\/a><span data-contrast=\"auto\">, both of which identified a need for greater focus on our youth. The office will remain committed to protecting life and the dignity of the human person under this new name. Additionally, this group now reports through Bishop Williams to better align with the Synod implementation work he is leading.<\/span><span data-ccp-props=\"{&quot;201341983&quot;:0,&quot;335551550&quot;:1,&quot;335551620&quot;:1,&quot;335559685&quot;:0,&quot;335559739&quot;:160,&quot;335559740&quot;:259}\">\u00a0<\/span><\/p>\n<p><span data-contrast=\"auto\">Please join me in a prayer of thanksgiving for the many collaborators who have helped us with this work and who are committed to assisting us as we move forward.\u00a0<\/span><span data-ccp-props=\"{&quot;201341983&quot;:0,&quot;335551550&quot;:1,&quot;335551620&quot;:1,&quot;335559685&quot;:0,&quot;335559739&quot;:160,&quot;335559740&quot;:259}\">\u00a0<\/span><\/p>\n","protected":false},"excerpt":{"rendered":"<p>De Bill Lentsch, director de operaciones: Desde el verano de 2020, las oficinas centrales de la Arquidi\u00f3cesis de Saint Paul y Minneapolis, conocidas como el Centro Cat\u00f3lico Arquidiocesano (ACC), han estado trabajando para servir mejor al clero, las parroquias, las escuelas cat\u00f3licas y las entidades cat\u00f3licas de los 12 condados que componen esta Iglesia local.<\/p>","protected":false},"author":2,"featured_media":7112,"comment_status":"closed","ping_status":"closed","sticky":false,"template":"","format":"standard","meta":{"footnotes":""},"categories":[14],"tags":[],"class_list":["post-4280","post","type-post","status-publish","format-standard","has-post-thumbnail","hentry","category-announcements"],"_links":{"self":[{"href":"https:\/\/www.archspm.org\/es\/wp-json\/wp\/v2\/posts\/4280","targetHints":{"allow":["GET"]}}],"collection":[{"href":"https:\/\/www.archspm.org\/es\/wp-json\/wp\/v2\/posts"}],"about":[{"href":"https:\/\/www.archspm.org\/es\/wp-json\/wp\/v2\/types\/post"}],"author":[{"embeddable":true,"href":"https:\/\/www.archspm.org\/es\/wp-json\/wp\/v2\/users\/2"}],"replies":[{"embeddable":true,"href":"https:\/\/www.archspm.org\/es\/wp-json\/wp\/v2\/comments?post=4280"}],"version-history":[{"count":0,"href":"https:\/\/www.archspm.org\/es\/wp-json\/wp\/v2\/posts\/4280\/revisions"}],"wp:featuredmedia":[{"embeddable":true,"href":"https:\/\/www.archspm.org\/es\/wp-json\/wp\/v2\/media\/7112"}],"wp:attachment":[{"href":"https:\/\/www.archspm.org\/es\/wp-json\/wp\/v2\/media?parent=4280"}],"wp:term":[{"taxonomy":"category","embeddable":true,"href":"https:\/\/www.archspm.org\/es\/wp-json\/wp\/v2\/categories?post=4280"},{"taxonomy":"post_tag","embeddable":true,"href":"https:\/\/www.archspm.org\/es\/wp-json\/wp\/v2\/tags?post=4280"}],"curies":[{"name":"wp","href":"https:\/\/api.w.org\/{rel}","templated":true}]}}