{"id":4285,"date":"2023-12-01T22:16:59","date_gmt":"2023-12-02T03:16:59","guid":{"rendered":"https:\/\/www.archspm.org\/support-real-care-at-the-end-of-life-not-assisted-suicide\/"},"modified":"2023-12-01T22:16:59","modified_gmt":"2023-12-02T03:16:59","slug":"support-real-care-at-the-end-of-life-not-assisted-suicide","status":"publish","type":"post","link":"https:\/\/www.archspm.org\/es\/support-real-care-at-the-end-of-life-not-assisted-suicide\/","title":{"rendered":"Insta a tu legislador estatal a que apoye la atenci\u00f3n real al final de la vida, no el suicidio asistido."},"content":{"rendered":"<h3>Desde el <a href=\"https:\/\/www.mncatholic.org\/\" target=\"_blank\" rel=\"noopener\">Conferencia Cat\u00f3lica de Minnesota<\/a><\/h3>\n<h5><\/h5>\n<h5>La H.F. 1930\/ S.F. 1813 deteriorar\u00e1 la relaci\u00f3n de confianza que los pacientes tienen con sus proveedores.<\/h5>\n<p>El suicidio asistido no es compasivo ni supone una elecci\u00f3n real. Proteger las decisiones de unos pocos legalizando el suicidio asistido pondr\u00e1 en peligro las decisiones sanitarias de todos.<\/p>\n<p>El suicidio asistido socava deliberadamente la dignidad humana al poner en peligro la salud de los m\u00e1s vulnerables de la sociedad, especialmente entre aquellos que no utilizan suficientemente los cuidados paliativos y los hospicios.<\/p>\n<p><a href=\"https:\/\/www.revisor.mn.gov\/bills\/bill.php?b=House&amp;f=HF1930&amp;ssn=0&amp;y=2023\" target=\"_blank\" rel=\"noopener\">H.F. 1930<\/a>\/\u00a0<a href=\"https:\/\/www.revisor.mn.gov\/bills\/bill.php?f=SF1813&amp;y=2023&amp;ssn=0&amp;b=senate\" target=\"_blank\" rel=\"noopener\">S.F. 1813<\/a>\u00a0es uno de los proyectos de ley sobre suicidio asistido por un m\u00e9dico m\u00e1s agresivos del pa\u00eds, ya que carece de garant\u00edas significativas para las personas mayores y las personas con discapacidad. No exige notificar a la familia ni la presencia de testigos, y no ofrece ninguna forma de predecir un pron\u00f3stico preciso.<\/p>\n<p>Cuando cuidar a alguien es caro y matar es barato, \u00bfqu\u00e9 creemos que prevalecer\u00e1?\u00a0<a href=\"https:\/\/www.mncatholic.org\/action_21165\" target=\"_blank\" rel=\"noopener\">Insta a tu legislador estatal a que se oponga al PAS.<\/a>.<\/p>\n<p><strong>Ense\u00f1anzas de la Iglesia<\/strong><\/p>\n<p>Como cat\u00f3licos, estamos llamados a defender la dignidad humana y proteger a los m\u00e1s vulnerables entre nosotros. La legalizaci\u00f3n del suicidio asistido va en contra de este principio, ya que se acelera la muerte cuando se considera que la vida de una persona ya no tiene sentido ni prop\u00f3sito.<\/p>\n<p><a href=\"https:\/\/www.vaticannews.va\/en\/pope\/news\/2019-09\/pope-francis-surgeons-dentists-suicide-euthanasia-doctors.html\" target=\"_blank\" rel=\"noopener\">El papa Francisco se ha pronunciado en contra de la legalizaci\u00f3n del suicidio asistido.<\/a>\u00a0afirmando en 2019 que \u201cpodemos y debemos rechazar la tentaci\u00f3n, inducida tambi\u00e9n por cambios legislativos, de utilizar la medicina para apoyar una posible voluntad del paciente de morir, prestando asistencia para el suicidio o provocando directamente la muerte mediante la eutanasia\u201d.\u201d<\/p>\n<p>El Catecismo tambi\u00e9n nos ense\u00f1a que el suicidio asistido y \u201csea cual sea su motivaci\u00f3n y sus medios, la eutanasia directa consiste en poner fin a la vida de personas discapacitadas, enfermas o moribundas... es moralmente inaceptable\u201d (<a href=\"https:\/\/www.vatican.va\/archive\/ccc_css\/archive\/catechism\/p3s2c2a5.htm\" target=\"_blank\" rel=\"noopener\">CCC, 2277<\/a>). En cambio, estamos llamados a crear modelos de atenci\u00f3n basados en principios que satisfagan las necesidades m\u00e9dicas de todas las personas.<\/p>\n<p>Como cat\u00f3licos, estamos llamados a corregir las injusticias que persisten en el orden social y a utilizar nuestra posici\u00f3n como ciudadanos fieles para proteger a los pobres y vulnerables. Proteger las decisiones de unos pocos mediante la legalizaci\u00f3n del suicidio asistido pondr\u00eda en peligro las decisiones sanitarias de todos.<\/p>\n<p><strong>M\u00e1s informaci\u00f3n<\/strong><\/p>\n<ul>\n<li><a href=\"https:\/\/www.mncatholic.org\/action_21165\" target=\"_blank\" rel=\"noopener\">Enviar un mensaje<\/a> a su legislador<\/li>\n<li>Ir a la <a href=\"https:\/\/www.mncatholic.org\/action_21165\" target=\"_blank\" rel=\"noopener\">Conferencia Cat\u00f3lica de Minnesota<\/a> para obtener m\u00e1s recursos<\/li>\n<\/ul>","protected":false},"excerpt":{"rendered":"<p>El suicidio asistido no es compasivo ni supone una elecci\u00f3n real. Proteger las decisiones de unos pocos legalizando el suicidio asistido pondr\u00e1 en peligro las decisiones sanitarias de todos.<\/p>","protected":false},"author":2,"featured_media":7112,"comment_status":"closed","ping_status":"closed","sticky":false,"template":"","format":"standard","meta":{"footnotes":""},"categories":[14],"tags":[64],"class_list":["post-4285","post","type-post","status-publish","format-standard","has-post-thumbnail","hentry","category-announcements","tag-citizenprolife"],"_links":{"self":[{"href":"https:\/\/www.archspm.org\/es\/wp-json\/wp\/v2\/posts\/4285","targetHints":{"allow":["GET"]}}],"collection":[{"href":"https:\/\/www.archspm.org\/es\/wp-json\/wp\/v2\/posts"}],"about":[{"href":"https:\/\/www.archspm.org\/es\/wp-json\/wp\/v2\/types\/post"}],"author":[{"embeddable":true,"href":"https:\/\/www.archspm.org\/es\/wp-json\/wp\/v2\/users\/2"}],"replies":[{"embeddable":true,"href":"https:\/\/www.archspm.org\/es\/wp-json\/wp\/v2\/comments?post=4285"}],"version-history":[{"count":0,"href":"https:\/\/www.archspm.org\/es\/wp-json\/wp\/v2\/posts\/4285\/revisions"}],"wp:featuredmedia":[{"embeddable":true,"href":"https:\/\/www.archspm.org\/es\/wp-json\/wp\/v2\/media\/7112"}],"wp:attachment":[{"href":"https:\/\/www.archspm.org\/es\/wp-json\/wp\/v2\/media?parent=4285"}],"wp:term":[{"taxonomy":"category","embeddable":true,"href":"https:\/\/www.archspm.org\/es\/wp-json\/wp\/v2\/categories?post=4285"},{"taxonomy":"post_tag","embeddable":true,"href":"https:\/\/www.archspm.org\/es\/wp-json\/wp\/v2\/tags?post=4285"}],"curies":[{"name":"wp","href":"https:\/\/api.w.org\/{rel}","templated":true}]}}