{"id":4287,"date":"2023-12-22T15:54:55","date_gmt":"2023-12-22T20:54:55","guid":{"rendered":"https:\/\/www.archspm.org\/appointments-december-21-2023\/"},"modified":"2023-12-22T15:54:55","modified_gmt":"2023-12-22T20:54:55","slug":"appointments-december-21-2023","status":"publish","type":"post","link":"https:\/\/www.archspm.org\/es\/appointments-december-21-2023\/","title":{"rendered":"Nombramientos \u2013 21 de diciembre de 2023"},"content":{"rendered":"<h3>El arzobispo Bernard Hebda ha anunciado los siguientes nombramientos en la archidi\u00f3cesis de Saint Paul y Minneapolis:<\/h3>\n<h3><strong>A partir del 9 de diciembre de 2023<\/strong><\/h3>\n<p><strong>Di\u00e1cono Wayne Bellefeuille<\/strong>, destinado a ejercer el ministerio de di\u00e1cono permanente en la Iglesia de Todos los Santos de Lakeville. El di\u00e1cono Bellefeuille fue ordenado al diaconado el 9 de diciembre de 2023.<\/p>\n<p><strong>Di\u00e1cono Robert Burns<\/strong>, destinado a ejercer el ministerio de di\u00e1cono permanente en la iglesia de San Juan Bautista en Excelsior. El di\u00e1cono Burns fue ordenado al diaconado el 9 de diciembre de 2023.<\/p>\n<p><strong>Di\u00e1cono Kevin Conneely<\/strong>, destinado a ejercer el ministerio de di\u00e1cono permanente en la Iglesia de la Anunciaci\u00f3n de Minneapolis. El di\u00e1cono Conneely fue ordenado al diaconado el 9 de diciembre de 2023.<\/p>\n<p><strong>Di\u00e1cono John Fischer<\/strong>, destinado a ejercer el ministerio de di\u00e1cono permanente en la iglesia de Santo Tom\u00e1s Moro, en Saint Paul. El di\u00e1cono Fischer fue ordenado al diaconado el 9 de diciembre de 2023.<\/p>\n<p><strong>Di\u00e1cono Patrick Kirsch<\/strong>, destinado a ejercer el ministerio de di\u00e1cono permanente en la iglesia de San Jos\u00e9, en Waconia. El di\u00e1cono Kirsch fue ordenado al diaconado el 9 de diciembre de 2023.<\/p>\n<p><strong>Di\u00e1cono Kou Ly<\/strong>, destinado a ejercer el ministerio de di\u00e1cono permanente en la iglesia de San Patricio, en Saint Paul. El di\u00e1cono Ly fue ordenado al diaconado el 9 de diciembre de 2023.<\/p>\n<p><strong>Di\u00e1cono Michael McGinty<\/strong>, destinado a ejercer el ministerio de di\u00e1cono permanente en la iglesia de San Vicente de Pa\u00fal, en Brooklyn Park. El di\u00e1cono McGinty fue ordenado al diaconado el 9 de diciembre de 2023.<\/p>\n<p><strong>Di\u00e1cono David Mead, Jr.<\/strong>, destinado a ejercer el ministerio de di\u00e1cono permanente en la iglesia de San Ambrosio en Woodbury. El di\u00e1cono Mead fue ordenado al diaconado el 9 de diciembre de 2023.<\/p>\n<p><strong>Di\u00e1cono Daniel Murphy<\/strong>, destinado a ejercer el ministerio de di\u00e1cono permanente en la Iglesia de la Divina Misericordia de Faribault. El di\u00e1cono Murphy fue ordenado al diaconado el 9 de diciembre de 2023.<\/p>\n<p><strong>Di\u00e1cono Francis Pavlick<\/strong>, destinado a ejercer el ministerio de di\u00e1cono permanente en la iglesia de San Judas del Lago, en Mahtomedi. El di\u00e1cono Pavlick fue ordenado al diaconado el 9 de diciembre de 2023.<\/p>\n<p><strong>Di\u00e1cono Wilfred Pitts<\/strong>, destinado a ejercer el ministerio de di\u00e1cono permanente en la Iglesia de los \u00c1ngeles Custodios de Oakdale. El di\u00e1cono Pitts fue ordenado al diaconado el 9 de diciembre de 2023.<\/p>\n<p><strong>Di\u00e1cono Bruce Richards<\/strong>, destinado a ejercer el ministerio de di\u00e1cono permanente en la iglesia de San Jos\u00e9 en Waconia. El di\u00e1cono Richards fue ordenado al diaconado el 9 de diciembre de 2023.<\/p>\n<p><strong>Di\u00e1cono Christopher Richards<\/strong>, destinado a ejercer el ministerio de di\u00e1cono permanente en la iglesia de San Jos\u00e9 en Waconia. El di\u00e1cono Richards fue ordenado al diaconado el 9 de diciembre de 2023.<\/p>\n<p><strong>Di\u00e1cono John Rogers<\/strong>, destinado a ejercer el ministerio de di\u00e1cono permanente en la iglesia de San Jos\u00e9, en West Saint Paul. El di\u00e1cono Rogers fue ordenado al diaconado el 9 de diciembre de 2023.<\/p>\n<p><strong>Di\u00e1cono Gregory Schultz<\/strong>, destinado a ejercer el ministerio de di\u00e1cono permanente en la iglesia de San Huberto, en Chanhassen. El di\u00e1cono Schultz fue ordenado al diaconado el 9 de diciembre de 2023.<\/p>\n<p><strong>Di\u00e1cono Patrick Spencer<\/strong>, destinado a ejercer el ministerio de di\u00e1cono permanente en la iglesia de San Vicente de Pa\u00fal, en Brooklyn Park. El di\u00e1cono Spencer fue ordenado al diaconado el 9 de diciembre de 2023.<\/p>\n<p><strong>Di\u00e1cono Thomas Utecht<\/strong>, destinado a ejercer el ministerio de di\u00e1cono permanente en la iglesia de Mar\u00eda Reina de la Paz, en Rogers. El di\u00e1cono Utecht fue ordenado al diaconado el 9 de diciembre de 2023.<\/p>\n<p><strong>Di\u00e1cono Christopher Vance<\/strong>, destinado a ejercer el ministerio de di\u00e1cono permanente en la Iglesia de la Transfiguraci\u00f3n de Oakdale. El di\u00e1cono Vance fue ordenado al diaconado el 9 de diciembre de 2023.<\/p>\n<h3><strong>A partir del 5 de enero de 2024.<\/strong><\/h3>\n<p><strong>Di\u00e1cono Martin Meyer<\/strong>, a quien se le ha concedido el estatus de di\u00e1cono jubilado. El di\u00e1cono Meyer ha prestado servicio en la archidi\u00f3cesis desde su ordenaci\u00f3n diaconal en 2015, principalmente en la iglesia de San Juan Neumann, en Eagan.<\/p>","protected":false},"excerpt":{"rendered":"<p>El arzobispo Bernard Hebda ha anunciado los siguientes nombramientos en la archidi\u00f3cesis de Saint Paul y Minneapolis:<\/p>","protected":false},"author":2,"featured_media":7112,"comment_status":"closed","ping_status":"closed","sticky":false,"template":"","format":"standard","meta":{"footnotes":""},"categories":[14],"tags":[],"class_list":["post-4287","post","type-post","status-publish","format-standard","has-post-thumbnail","hentry","category-announcements"],"_links":{"self":[{"href":"https:\/\/www.archspm.org\/es\/wp-json\/wp\/v2\/posts\/4287","targetHints":{"allow":["GET"]}}],"collection":[{"href":"https:\/\/www.archspm.org\/es\/wp-json\/wp\/v2\/posts"}],"about":[{"href":"https:\/\/www.archspm.org\/es\/wp-json\/wp\/v2\/types\/post"}],"author":[{"embeddable":true,"href":"https:\/\/www.archspm.org\/es\/wp-json\/wp\/v2\/users\/2"}],"replies":[{"embeddable":true,"href":"https:\/\/www.archspm.org\/es\/wp-json\/wp\/v2\/comments?post=4287"}],"version-history":[{"count":0,"href":"https:\/\/www.archspm.org\/es\/wp-json\/wp\/v2\/posts\/4287\/revisions"}],"wp:featuredmedia":[{"embeddable":true,"href":"https:\/\/www.archspm.org\/es\/wp-json\/wp\/v2\/media\/7112"}],"wp:attachment":[{"href":"https:\/\/www.archspm.org\/es\/wp-json\/wp\/v2\/media?parent=4287"}],"wp:term":[{"taxonomy":"category","embeddable":true,"href":"https:\/\/www.archspm.org\/es\/wp-json\/wp\/v2\/categories?post=4287"},{"taxonomy":"post_tag","embeddable":true,"href":"https:\/\/www.archspm.org\/es\/wp-json\/wp\/v2\/tags?post=4287"}],"curies":[{"name":"wp","href":"https:\/\/api.w.org\/{rel}","templated":true}]}}