{"id":4289,"date":"2024-01-05T16:16:21","date_gmt":"2024-01-05T21:16:21","guid":{"rendered":"https:\/\/www.archspm.org\/statement-regarding-the-status-of-archbishop-john-nienstedt\/"},"modified":"2024-01-05T16:16:21","modified_gmt":"2024-01-05T21:16:21","slug":"statement-regarding-the-status-of-archbishop-john-nienstedt","status":"publish","type":"post","link":"https:\/\/www.archspm.org\/es\/statement-regarding-the-status-of-archbishop-john-nienstedt\/","title":{"rendered":"Declaraci\u00f3n sobre la situaci\u00f3n del arzobispo John Nienstedt"},"content":{"rendered":"<p><em>Del Arzobispo Bernard A. Hebda<\/em><\/p>\n<p>Desde que llegu\u00e9 a esta Arquidi\u00f3cesis en 2015, a menudo me han pedido aclaraciones sobre la situaci\u00f3n de mi predecesor, el arzobispo John Nienstedt, quien hab\u00eda sido objeto de una investigaci\u00f3n por ciertas decisiones tomadas durante su mandato como arzobispo y tambi\u00e9n por acusaciones de conducta inapropiada con menores y adultos. Ya he hecho declaraciones p\u00fablicas al respecto anteriormente en <a href=\"https:\/\/www.archspm.org\/es\/archbishop-hebda-elaborates-charge-dismissal-archbishop-nienstedt-investigation\/\">Agosto de 2016<\/a> y <a href=\"https:\/\/s3.amazonaws.com\/archspmmainsite\/News\/2018\/%2BHEBDA+TO+FAITHFUL+12-14-18+FINAL.pdf\" target=\"_blank\" rel=\"noopener\">Diciembre de 2018,<\/a> indicando que las preguntas requer\u00edan una decisi\u00f3n por parte de los funcionarios de la Santa Sede. El propio arzobispo Nienstedt tambi\u00e9n <a href=\"https:\/\/www.mprnews.org\/story\/2018\/12\/14\/hebda-nienstedt-no-ministry-twin-cities\" target=\"_blank\" rel=\"noopener\">declarado p\u00fablicamente<\/a> que acoger\u00eda con agrado una investigaci\u00f3n para resolver las acusaciones, que \u00e9l ha negado.<\/p>\n<p>La promulgaci\u00f3n de <a href=\"https:\/\/www.vatican.va\/content\/francesco\/en\/motu_proprio\/documents\/20230325-motu-proprio-vos-estis-lux-mundi-aggiornato.html\" target=\"_blank\" rel=\"noopener\">Vos estis lux mundi<\/a><em> (Vos estis)<\/em> en 2019<em>, <\/em>reflejando el deseo del papa Francisco de que las denuncias de conducta indebida contra obispos de todo el mundo salgan a la luz y se investiguen a fondo, se abri\u00f3 el camino para resolver el asunto del arzobispo Nienstedt. A petici\u00f3n formal de personas de la Arquidi\u00f3cesis, entre ellas el difunto Tom Johnson, exfiscal del condado de Hennepin y posteriormente defensor del pueblo de la Arquidi\u00f3cesis, las acusaciones contra el arzobispo Nienstedt fueron investigadas a fondo por funcionarios ajenos a la Arquidi\u00f3cesis de Saint Paul y Minneapolis, de conformidad con el proceso establecido en <em>Vos estis<\/em>.<\/p>\n<p>Recientemente se me inform\u00f3 que la investigaci\u00f3n de todas las acusaciones ha concluido y que la Santa Sede ha tomado una decisi\u00f3n al respecto. Tras revisar toda la informaci\u00f3n recopilada, los Dicasterios para los Obispos y para la Doctrina de la Fe concluyeron que las pruebas disponibles no respaldaban la conclusi\u00f3n de que el arzobispo Nienstedt hubiera cometido ning\u00fan delito can\u00f3nico. En consecuencia, las acusaciones contra el arzobispo Nienstedt se consideraron infundadas.<\/p>\n<p>Aunque las pruebas disponibles no respaldaban la conclusi\u00f3n de que ninguna conducta por parte del arzobispo Nienstedt pudiera considerarse un delito, se me comunic\u00f3 que se hab\u00edan puesto de manifiesto varios casos de acciones \u201cimprudentes\u201d. Si bien ninguno de estos casos, ni por separado ni en conjunto, se consider\u00f3 que justificara una investigaci\u00f3n m\u00e1s profunda o sanciones penales, el papa Francisco determin\u00f3 que estaban justificadas las siguientes medidas administrativas:<\/p>\n<ol>\n<li>El arzobispo Nienstedt no podr\u00e1 ejercer ning\u00fan ministerio p\u00fablico en la provincia de Saint Paul y Minneapolis (la provincia abarca todo Minnesota, Dakota del Norte y Dakota del Sur).<\/li>\n<li>No puede residir en la provincia de Saint Paul y Minneapolis.<\/li>\n<li>No podr\u00e1 ejercer el ministerio fuera de su di\u00f3cesis de residencia sin la autorizaci\u00f3n expresa del Ordinario correspondiente y solo despu\u00e9s de haber informado al Dicasterio para los Obispos.<\/li>\n<\/ol>\n<p>\u00dananse a m\u00ed en oraci\u00f3n para que esta resoluci\u00f3n traiga mayor sanaci\u00f3n a nuestra Arquidi\u00f3cesis y a todos los involucrados en estos asuntos.<\/p>\n<p><a href=\"https:\/\/archspmmainsite.s3.amazonaws.com\/News\/2024\/%2BNIENSTEDT+ANNOUNCEMENT_1-5-24.pdf\" target=\"_blank\" rel=\"noopener\">PDF del anuncio<\/a><\/p>","protected":false},"excerpt":{"rendered":"<p>5 de enero de 2024 \u2013 Del arzobispo Bernard A. Hebda: Desde que llegu\u00e9 a esta arquidi\u00f3cesis en 2015, a menudo me han pedido que aclare la situaci\u00f3n de mi predecesor, el arzobispo John Nienstedt, quien hab\u00eda sido objeto de una investigaci\u00f3n por ciertas decisiones tomadas durante su mandato como arzobispo y tambi\u00e9n por acusaciones de conducta inapropiada con menores y adultos.<\/p>","protected":false},"author":2,"featured_media":7112,"comment_status":"closed","ping_status":"closed","sticky":false,"template":"","format":"standard","meta":{"footnotes":""},"categories":[14],"tags":[70],"class_list":["post-4289","post","type-post","status-publish","format-standard","has-post-thumbnail","hentry","category-announcements","tag-archbishop-hebda"],"_links":{"self":[{"href":"https:\/\/www.archspm.org\/es\/wp-json\/wp\/v2\/posts\/4289","targetHints":{"allow":["GET"]}}],"collection":[{"href":"https:\/\/www.archspm.org\/es\/wp-json\/wp\/v2\/posts"}],"about":[{"href":"https:\/\/www.archspm.org\/es\/wp-json\/wp\/v2\/types\/post"}],"author":[{"embeddable":true,"href":"https:\/\/www.archspm.org\/es\/wp-json\/wp\/v2\/users\/2"}],"replies":[{"embeddable":true,"href":"https:\/\/www.archspm.org\/es\/wp-json\/wp\/v2\/comments?post=4289"}],"version-history":[{"count":0,"href":"https:\/\/www.archspm.org\/es\/wp-json\/wp\/v2\/posts\/4289\/revisions"}],"wp:featuredmedia":[{"embeddable":true,"href":"https:\/\/www.archspm.org\/es\/wp-json\/wp\/v2\/media\/7112"}],"wp:attachment":[{"href":"https:\/\/www.archspm.org\/es\/wp-json\/wp\/v2\/media?parent=4289"}],"wp:term":[{"taxonomy":"category","embeddable":true,"href":"https:\/\/www.archspm.org\/es\/wp-json\/wp\/v2\/categories?post=4289"},{"taxonomy":"post_tag","embeddable":true,"href":"https:\/\/www.archspm.org\/es\/wp-json\/wp\/v2\/tags?post=4289"}],"curies":[{"name":"wp","href":"https:\/\/api.w.org\/{rel}","templated":true}]}}