{"id":4292,"date":"2024-01-19T17:45:17","date_gmt":"2024-01-19T22:45:17","guid":{"rendered":"https:\/\/www.archspm.org\/support-real-care-oppose-assisted-suicide\/"},"modified":"2024-01-19T17:45:17","modified_gmt":"2024-01-19T22:45:17","slug":"support-real-care-oppose-assisted-suicide","status":"publish","type":"post","link":"https:\/\/www.archspm.org\/es\/support-real-care-oppose-assisted-suicide\/","title":{"rendered":"Apoye la atenci\u00f3n real, op\u00f3ngase al suicidio asistido."},"content":{"rendered":"<p><strong>Fuente:\u00a0<\/strong><a href=\"https:\/\/www.mncatholic.org\/action_21165\" target=\"_blank\" rel=\"noopener\">Conferencia Cat\u00f3lica de Minnesota<\/a><\/p>\n<h2>Insta a tu legislador estatal a que apoye una atenci\u00f3n real al final de la vida, y no el suicidio asistido<\/h2>\n<h5>La H.F. 1930\/ S.F. 1813 deteriorar\u00e1 la relaci\u00f3n de confianza que los pacientes tienen con sus proveedores.<\/h5>\n<h5><a href=\"https:\/\/www.mncatholic.org\/action_21165\" target=\"_blank\" rel=\"noopener\"><strong>Ponte en acci\u00f3n<\/strong><\/a><\/h5>\n<p>La representante Tina Liebling, presidenta del Comit\u00e9 de Finanzas y Pol\u00edticas Sanitarias, ha\u00a0<a href=\"https:\/\/www.house.mn.gov\/schedules\/committee\/93010\/All\" target=\"_blank\" rel=\"noopener\">ha fijado una audiencia<\/a>\u00a0sobre el suicidio asistido por un m\u00e9dico para\u00a0<strong>Jueves, 25 de enero, a la 1 p. m.<\/strong>.<\/p>\n<p>Nuestros esfuerzos por detener esta legislaci\u00f3n est\u00e1n dando sus frutos. Los defensores del proyecto de ley han modificado el texto para abordar algunas de las inquietudes que hemos planteado,<em><strong>\u00a0pero ninguna modificaci\u00f3n puede hacer que este proyecto de ley sea aceptable<\/strong><\/em>. En\u00a0<a href=\"https:\/\/content.govdelivery.com\/attachments\/MNHOUSE\/2024\/01\/17\/file_attachments\/2751432\/H1930DE1-1-11614957282558734019.pdf\" target=\"_blank\" rel=\"noopener\">lenguaje actualizado<\/a>\u00a0sigue conteniendo muchas disposiciones preocupantes, entre ellas:<\/p>\n<ul>\n<li>No se exige una evaluaci\u00f3n de salud mental<\/li>\n<li>No se notificar\u00e1 a la familia<\/li>\n<li>No hay medidas de protecci\u00f3n para las personas con discapacidad<\/li>\n<li>No hay ninguna enfermera ni ning\u00fan m\u00e9dico presente cuando se administra el f\u00e1rmaco letal<\/li>\n<\/ul>\n<p>Durante la audiencia, los miembros de la comisi\u00f3n votar\u00e1n para que el proyecto de ley sea aprobado en comisi\u00f3n, <strong>dar un paso m\u00e1s hacia adelante<\/strong>\u00a0hasta la legalizaci\u00f3n total.<\/p>\n<p>El suicidio asistido no es compasivo ni supone una verdadera elecci\u00f3n. Proteger las decisiones de unos pocos mediante la legalizaci\u00f3n del suicidio asistido pondr\u00e1 en peligro las opciones de atenci\u00f3n m\u00e9dica de todos.<\/p>\n<p><strong>Medidas r\u00e1pidas: <\/strong><\/p>\n<ol>\n<li><a href=\"https:\/\/www.mncatholic.org\/action_21165\" target=\"_blank\" rel=\"noopener\">Enviar un mensaje<\/a> a sus legisladores para expresarles su oposici\u00f3n al proyecto de ley HF 1930 y al PAS.<\/li>\n<li>Env\u00ede su testimonio por escrito a la comisi\u00f3n antes de las 5 p. m. del mi\u00e9rcoles 24 de enero de 2024. Env\u00ede su testimonio en formato Word o PDF por correo electr\u00f3nico a <a href=\"mailto:Josh.Sande@house.mn.gov\">Josh.Sande@house.mn.gov<\/a>.<\/li>\n<li>Asista en persona a la audiencia de la comisi\u00f3n el jueves 25 de enero a la 1 p. m. Las plazas son limitadas, por lo que se recomienda llegar con antelaci\u00f3n.<\/li>\n<\/ol>","protected":false},"excerpt":{"rendered":"<p>Insta a tu legislador estatal a que apoye la atenci\u00f3n real al final de la vida, no el suicidio asistido.<\/p>","protected":false},"author":2,"featured_media":7112,"comment_status":"closed","ping_status":"closed","sticky":false,"template":"","format":"standard","meta":{"footnotes":""},"categories":[14],"tags":[98],"class_list":["post-4292","post","type-post","status-publish","format-standard","has-post-thumbnail","hentry","category-announcements","tag-citizenendlife"],"_links":{"self":[{"href":"https:\/\/www.archspm.org\/es\/wp-json\/wp\/v2\/posts\/4292","targetHints":{"allow":["GET"]}}],"collection":[{"href":"https:\/\/www.archspm.org\/es\/wp-json\/wp\/v2\/posts"}],"about":[{"href":"https:\/\/www.archspm.org\/es\/wp-json\/wp\/v2\/types\/post"}],"author":[{"embeddable":true,"href":"https:\/\/www.archspm.org\/es\/wp-json\/wp\/v2\/users\/2"}],"replies":[{"embeddable":true,"href":"https:\/\/www.archspm.org\/es\/wp-json\/wp\/v2\/comments?post=4292"}],"version-history":[{"count":0,"href":"https:\/\/www.archspm.org\/es\/wp-json\/wp\/v2\/posts\/4292\/revisions"}],"wp:featuredmedia":[{"embeddable":true,"href":"https:\/\/www.archspm.org\/es\/wp-json\/wp\/v2\/media\/7112"}],"wp:attachment":[{"href":"https:\/\/www.archspm.org\/es\/wp-json\/wp\/v2\/media?parent=4292"}],"wp:term":[{"taxonomy":"category","embeddable":true,"href":"https:\/\/www.archspm.org\/es\/wp-json\/wp\/v2\/categories?post=4292"},{"taxonomy":"post_tag","embeddable":true,"href":"https:\/\/www.archspm.org\/es\/wp-json\/wp\/v2\/tags?post=4292"}],"curies":[{"name":"wp","href":"https:\/\/api.w.org\/{rel}","templated":true}]}}