{"id":4320,"date":"2024-06-17T09:15:02","date_gmt":"2024-06-17T13:15:02","guid":{"rendered":"https:\/\/www.archspm.org\/archbishops-weekly-word-turning-toward-our-heavenly-father-in-all-circumstances\/"},"modified":"2025-07-01T00:42:16","modified_gmt":"2025-07-01T04:42:16","slug":"archbishops-weekly-word-turning-toward-our-heavenly-father-in-all-circumstances","status":"publish","type":"post","link":"https:\/\/www.archspm.org\/es\/archbishops-weekly-word-turning-toward-our-heavenly-father-in-all-circumstances\/","title":{"rendered":"Palabra semanal del Arzobispo: Volvernos hacia nuestro Padre celestial en todas las circunstancias"},"content":{"rendered":"<h2>Juntos en el camino: Palabras semanales del Arzobispo Hebda<\/h2>\n<p><img decoding=\"async\" class=\"alignleft size-thumbnail wp-image-8875\" src=\"https:\/\/www.archspm.org\/wp-content\/uploads\/2025\/04\/full-150x150.png\" alt=\"\" width=\"150\" height=\"150\" srcset=\"https:\/\/www.archspm.org\/wp-content\/uploads\/2025\/04\/full-150x150.png 150w, https:\/\/www.archspm.org\/wp-content\/uploads\/2025\/04\/full-12x12.png 12w, https:\/\/www.archspm.org\/wp-content\/uploads\/2025\/04\/full.png 248w\" sizes=\"(max-width: 150px) 100vw, 150px\" \/><\/p>\n<p>&nbsp;<\/p>\n<p>En los 18 a\u00f1os que viv\u00ed en Italia, siempre sent\u00ed cierta envidia de que los italianos celebraran el D\u00eda del Padre el 19 de marzo, festividad de San Jos\u00e9. Es dif\u00edcil imaginar un modelo mejor para los padres. Aunque nuestra celebraci\u00f3n estadounidense del D\u00eda del Padre el tercer domingo de junio parece m\u00e1s arbitraria y secular, es dif\u00edcil negar que la ocasi\u00f3n sigue resonando profundamente en nuestro sentido cat\u00f3lico de la importancia de la familia y la paternidad. Tuve el privilegio de ofrecer bendiciones por el D\u00eda del Padre en las dos parroquias en las que lo celebr\u00e9 este fin de semana, y no pude evitar fijarme en el n\u00famero de familias multigeneracionales que estaban juntas en la Iglesia.<\/p>\n<p><span data-contrast=\"none\">Agradec\u00ed que mis hermanos celebraran la ocasi\u00f3n envi\u00e1ndose sus fotos favoritas con nuestro padre, y todos llegamos a la conclusi\u00f3n de que hab\u00edamos sido bendecidos por un padre excepcional. Le echamos mucho de menos y nos maravillamos de la profundidad de su sabidur\u00eda y su amor. Mis hermanos y yo intentamos recordar su ejemplo cuando se nos pide que seamos paternales.\u00a0 <\/span><span data-ccp-props=\"{&quot;201341983&quot;:0,&quot;335559739&quot;:160,&quot;335559740&quot;:279}\">\u00a0<\/span><\/p>\n<p><span data-contrast=\"none\">Ahora que mi padre se ha ido con Dios, el D\u00eda del Padre nos brinda no s\u00f3lo la oportunidad de rezar por \u00e9l, sino tambi\u00e9n de reflexionar sobre c\u00f3mo nos bendice nuestro Padre Celestial. Aunque hay hermosas referencias a la paternidad de Dios en el Antiguo Testamento (me encantan las de Jerem\u00edas 3:19 y 31:9), es Jes\u00fas quien realmente nos ayuda a ver a Dios como nuestro Padre. Ya fuera ense\u00f1\u00e1ndonos a rezar o dej\u00e1ndonos escuchar su oraci\u00f3n, Jes\u00fas nos invit\u00f3 a todos nosotros, sus hermanos y hermanas, a tener una relaci\u00f3n a\u00fan m\u00e1s \u00edntima con Dios Padre.<\/span><span data-ccp-props=\"{&quot;201341983&quot;:0,&quot;335559739&quot;:160,&quot;335559740&quot;:279}\">\u00a0<\/span><\/p>\n<p><span data-contrast=\"none\">Me encanta c\u00f3mo nos anim\u00f3 a acercarnos siempre a Dios Padre con confianza: \"Pedid, y se os dar\u00e1; buscad, y hallar\u00e9is; llamad, y se os abrir\u00e1 la puerta. Porque todo el que pide, recibe; y todo el que busca, encuentra; y a todo el que llama, se le abrir\u00e1 la puerta. \u00bfHay alguien entre vosotros que, si su hijo le pide pan, le d\u00e9 una piedra? \u00bfO si el ni\u00f1o le pide un pez, le dar\u00e1 una serpiente? Pues si vosotros, que sois malos, sab\u00e9is dar cosas buenas a vuestros hijos, \u00a1cu\u00e1nto m\u00e1s vuestro Padre que est\u00e1 en los cielos dar\u00e1 cosas buenas a los que se las pidan!\". (Mt 7,7-11). <\/span><span data-ccp-props=\"{&quot;201341983&quot;:0,&quot;335559739&quot;:160,&quot;335559740&quot;:279}\">\u00a0<\/span><\/p>\n<p><span data-contrast=\"none\">En el momento de su pasi\u00f3n, Jes\u00fas nos lleva a\u00fan m\u00e1s hondo y suplica a su \"Abba\", a su \"Pap\u00e1\", que permita que pase de \u00e9l el c\u00e1liz de su sufrimiento, confiando siempre en la voluntad amorosa de su Padre. Deja claro que tambi\u00e9n a nosotros nos conviene invocar \u00edntimamente a nuestro \"Abb\u00e1\" con esa misma confianza profunda, haci\u00e9ndonos como hijos, como \u00c9l desea (Mt 18,3).\u00a0\u00a0 <\/span><span data-ccp-props=\"{&quot;201341983&quot;:0,&quot;335559739&quot;:160,&quot;335559740&quot;:279}\">\u00a0<\/span><\/p>\n<p><span data-contrast=\"none\">Nuestro patr\u00f3n, San Pablo, lo comprendi\u00f3 claramente. En su Carta a los Romanos (Rom 8,12-16), nos recuerda que todos los que son guiados por el Esp\u00edritu de Dios son verdaderamente \"hijos de Dios\" y se\u00f1ala que es a Dios a quien podemos gritar \"Abba, Padre\". <\/span><span data-ccp-props=\"{&quot;201341983&quot;:0,&quot;335559739&quot;:160,&quot;335559740&quot;:279}\">\u00a0<\/span><\/p>\n<p><span data-contrast=\"none\">Soy muy consciente de que para muchos en 2024 -incluidos quiz\u00e1s algunos de los que leen esta columna- a veces es dif\u00edcil encontrar consuelo en la idea de Dios como un padre compasivo y perdonador. Para quienes nunca o raramente han encontrado o presenciado el amor paterno, la imagen de Dios como padre amoroso puede no resonar con la experiencia humana. Sin embargo, Jes\u00fas nos dice lo importante, reconfortante y liberador que puede ser dirigirnos en toda circunstancia a Dios como nuestro Padre celestial, ya sea con alabanzas (Mt 11,25), con nuestras s\u00faplicas (Jn 17,1-5), con tristeza (Mc 14,34-36) o con cualquier otra cosa intermedia. <\/span><span data-ccp-props=\"{&quot;201341983&quot;:0,&quot;335559739&quot;:160,&quot;335559740&quot;:279}\">\u00a0<\/span><\/p>\n<p><span data-contrast=\"none\">Por favor, \u00fananse a m\u00ed esta semana en la oraci\u00f3n por todos los que son padres o que sirven como figuras paternas. Que reflejen el amor de nuestro Padre Celestial. En este contexto, no olvid\u00e9is rezar tambi\u00e9n por nuestros sacerdotes. Incluso cuando son m\u00e1s j\u00f3venes que nosotros, somos bendecidos por su paternidad espiritual.\u00a0 <\/span><span data-ccp-props=\"{&quot;201341983&quot;:0,&quot;335559739&quot;:160,&quot;335559740&quot;:279}\">\u00a0<\/span><\/p>\n<p><em><a href=\"https:\/\/www.archspm.org\/es\/togetheronthejourney\/\">Suscr\u00edbase ahora<\/a> para recibir Juntos en el viaje en su bandeja de entrada cada semana.<\/em><\/p>","protected":false},"excerpt":{"rendered":"<p>Durante los 18 a\u00f1os que viv\u00ed en Italia, siempre sent\u00ed cierta envidia de que los italianos celebraran el D\u00eda del Padre el 19 de marzo, festividad de San Jos\u00e9.<\/p>","protected":false},"author":2,"featured_media":7112,"comment_status":"closed","ping_status":"closed","sticky":false,"template":"","format":"standard","meta":{"footnotes":""},"categories":[14],"tags":[],"class_list":["post-4320","post","type-post","status-publish","format-standard","has-post-thumbnail","hentry","category-announcements"],"_links":{"self":[{"href":"https:\/\/www.archspm.org\/es\/wp-json\/wp\/v2\/posts\/4320","targetHints":{"allow":["GET"]}}],"collection":[{"href":"https:\/\/www.archspm.org\/es\/wp-json\/wp\/v2\/posts"}],"about":[{"href":"https:\/\/www.archspm.org\/es\/wp-json\/wp\/v2\/types\/post"}],"author":[{"embeddable":true,"href":"https:\/\/www.archspm.org\/es\/wp-json\/wp\/v2\/users\/2"}],"replies":[{"embeddable":true,"href":"https:\/\/www.archspm.org\/es\/wp-json\/wp\/v2\/comments?post=4320"}],"version-history":[{"count":0,"href":"https:\/\/www.archspm.org\/es\/wp-json\/wp\/v2\/posts\/4320\/revisions"}],"wp:featuredmedia":[{"embeddable":true,"href":"https:\/\/www.archspm.org\/es\/wp-json\/wp\/v2\/media\/7112"}],"wp:attachment":[{"href":"https:\/\/www.archspm.org\/es\/wp-json\/wp\/v2\/media?parent=4320"}],"wp:term":[{"taxonomy":"category","embeddable":true,"href":"https:\/\/www.archspm.org\/es\/wp-json\/wp\/v2\/categories?post=4320"},{"taxonomy":"post_tag","embeddable":true,"href":"https:\/\/www.archspm.org\/es\/wp-json\/wp\/v2\/tags?post=4320"}],"curies":[{"name":"wp","href":"https:\/\/api.w.org\/{rel}","templated":true}]}}