{"id":8422,"date":"2025-04-11T16:04:18","date_gmt":"2025-04-11T20:04:18","guid":{"rendered":"https:\/\/www.archspm.org\/?p=8422"},"modified":"2025-04-30T16:05:01","modified_gmt":"2025-04-30T20:05:01","slug":"statement-regarding-attack-of-father-neil-bakker","status":"publish","type":"post","link":"https:\/\/www.archspm.org\/es\/statement-regarding-attack-of-father-neil-bakker\/","title":{"rendered":"Declaraci\u00f3n sobre el ataque al padre Neil Bakker"},"content":{"rendered":"<p><em>Del Arzobispo Bernard A. Hebda<\/em><\/p>\n<p>Me conmocion\u00f3 la noticia del ataque al padre Neil Bakker, p\u00e1rroco de San Juan Bautista de Jordania, en el interior de la rector\u00eda de la parroquia la madrugada del martes. El padre Bakker y yo hemos estado en contacto, y le he reiterado la promesa de mis oraciones y el apoyo del personal arquidiocesano para \u00e9l y su comunidad parroquial y escolar ahora y en los pr\u00f3ximos d\u00edas y semanas. Tenemos que dar gracias a nuestro Dios misericordioso de que el incidente terminara tan pac\u00edficamente como lo hizo. Me sigue inspirando la forma pastoral en que el padre Bakker fue capaz de desescalar una situaci\u00f3n aterradora.<\/p>\n<p>Mi gratitud tambi\u00e9n se extiende a los hombres y mujeres del Departamento de Polic\u00eda de Jordan y de la Oficina del Sheriff del Condado de Scott. Me han dicho que se apresuraron a ayudar a mi padre, arrestaron r\u00e1pidamente al presunto agresor y han cuidado muy bien de mi padre desde el incidente. Todos apreciamos su profesionalidad y compasi\u00f3n.<\/p>\n<p>Pido en este momento que todas las personas de buena voluntad se unan a m\u00ed en la oraci\u00f3n tanto por el Padre Bakker como por la persona que irrumpi\u00f3 en su rector\u00eda. Por favor, \u00fananse tambi\u00e9n a m\u00ed en la oraci\u00f3n por todos aquellos que son v\u00edctimas de la violencia.<\/p>\n<hr \/>\n<p><em>Actualizaci\u00f3n - 16 de abril de 2025: M\u00e1s informaci\u00f3n sobre este incidente en\u00a0<a href=\"https:\/\/www.thecatholicspirit.com\/news\/local-news\/man-charged-with-assault-burglary-in-incident-on-st-john-the-baptist-property\/\" target=\"_blank\" rel=\"noopener\">El esp\u00edritu cat\u00f3lico<\/a>.<\/em><\/p>","protected":false},"excerpt":{"rendered":"<p>Del Arzobispo Bernard A. Hebda<\/p>\n<p>Me conmocion\u00f3 la noticia del ataque al padre Neil Bakker, p\u00e1rroco de San Juan Bautista de Jordania, en el interior de la rector\u00eda de la parroquia la madrugada del martes. El padre Bakker y yo hemos estado en contacto, y le he reiterado la promesa de mis oraciones y el apoyo del personal arquidiocesano para \u00e9l y su comunidad parroquial y escolar ahora y en los pr\u00f3ximos d\u00edas y semanas. Tenemos que dar gracias a nuestro Dios misericordioso de que el incidente terminara tan pac\u00edficamente como lo hizo. Me sigue inspirando la forma pastoral en que el padre Bakker fue capaz de desescalar una situaci\u00f3n aterradora.<\/p>","protected":false},"author":4,"featured_media":7112,"comment_status":"closed","ping_status":"closed","sticky":false,"template":"","format":"standard","meta":{"footnotes":""},"categories":[14],"tags":[],"class_list":["post-8422","post","type-post","status-publish","format-standard","has-post-thumbnail","hentry","category-announcements"],"_links":{"self":[{"href":"https:\/\/www.archspm.org\/es\/wp-json\/wp\/v2\/posts\/8422","targetHints":{"allow":["GET"]}}],"collection":[{"href":"https:\/\/www.archspm.org\/es\/wp-json\/wp\/v2\/posts"}],"about":[{"href":"https:\/\/www.archspm.org\/es\/wp-json\/wp\/v2\/types\/post"}],"author":[{"embeddable":true,"href":"https:\/\/www.archspm.org\/es\/wp-json\/wp\/v2\/users\/4"}],"replies":[{"embeddable":true,"href":"https:\/\/www.archspm.org\/es\/wp-json\/wp\/v2\/comments?post=8422"}],"version-history":[{"count":0,"href":"https:\/\/www.archspm.org\/es\/wp-json\/wp\/v2\/posts\/8422\/revisions"}],"wp:featuredmedia":[{"embeddable":true,"href":"https:\/\/www.archspm.org\/es\/wp-json\/wp\/v2\/media\/7112"}],"wp:attachment":[{"href":"https:\/\/www.archspm.org\/es\/wp-json\/wp\/v2\/media?parent=8422"}],"wp:term":[{"taxonomy":"category","embeddable":true,"href":"https:\/\/www.archspm.org\/es\/wp-json\/wp\/v2\/categories?post=8422"},{"taxonomy":"post_tag","embeddable":true,"href":"https:\/\/www.archspm.org\/es\/wp-json\/wp\/v2\/tags?post=8422"}],"curies":[{"name":"wp","href":"https:\/\/api.w.org\/{rel}","templated":true}]}}