{"id":9859,"date":"2025-07-17T07:57:06","date_gmt":"2025-07-17T11:57:06","guid":{"rendered":"https:\/\/www.archspm.org\/?p=9859"},"modified":"2025-07-17T11:00:38","modified_gmt":"2025-07-17T15:00:38","slug":"patrick-conley-announces-retirement-from-practicing-catholic-new-hosts-named","status":"publish","type":"post","link":"https:\/\/www.archspm.org\/es\/patrick-conley-announces-retirement-from-practicing-catholic-new-hosts-named\/","title":{"rendered":"Patrick Conley anuncia su retiro de Practicing Catholic y se nombran nuevos presentadores"},"content":{"rendered":"<p><span data-contrast=\"auto\"><img fetchpriority=\"high\" decoding=\"async\" class=\"size-medium wp-image-7594 alignright\" src=\"https:\/\/www.archspm.org\/wp-content\/uploads\/2025\/04\/Practicing-Catholic-featured-1-300x200.jpg\" alt=\"\" width=\"300\" height=\"200\" srcset=\"https:\/\/www.archspm.org\/wp-content\/uploads\/2025\/04\/Practicing-Catholic-featured-1-300x200.jpg 300w, https:\/\/www.archspm.org\/wp-content\/uploads\/2025\/04\/Practicing-Catholic-featured-1.jpg 400w\" sizes=\"(max-width: 300px) 100vw, 300px\" \/><\/span><\/p>\n<p><span data-contrast=\"auto\">Despu\u00e9s de casi nueve a\u00f1os presentando Practicing Catholic, el programa de radio semanal y podcast de la Arquidi\u00f3cesis de Saint Paul y Minneapolis, Patrick Conley ha anunciado su salida.<\/span><span data-ccp-props=\"{&quot;335551550&quot;:1,&quot;335551620&quot;:1}\">\u00a0<\/span><\/p>\n<p><span data-contrast=\"auto\">\u201cNo lo llamar\u00eda exactamente una \u2018jubilaci\u00f3n\u2019, pero al entrar en mi \u00faltimo a\u00f1o de formaci\u00f3n para el diaconado permanente de la Di\u00f3cesis de La Crosse, seguir presentando The Inner Life en la cadena Relevant Radio, impartir clases de religi\u00f3n en la Escuela Cat\u00f3lica Thorp y ser esposo, discern\u00ed en oraci\u00f3n que hab\u00eda llegado el momento. Ha sido una decisi\u00f3n dif\u00edcil, ya que empec\u00e9 en 2016, cuando el programa se llamaba The Rediscover: Hour, como parte de los esfuerzos de evangelizaci\u00f3n de la Arquidi\u00f3cesis de Saint Paul y Minneapolis en ese momento, y estoy agradecido de haber formado parte del equipo de Practicing Catholic desde 2021. Sin duda, voy a extra\u00f1ar trabajar con los excelentes productores con los que he contado \u2014Susanna Parent, Cami Berthiaume, Kayla Mayer y Rachael McCallum\u2014 y, por supuesto, con el productor t\u00e9cnico Paul Sadek, pero estoy deseando escuchar el programa con los nuevos presentadores\u201d.\u201d <\/span><span data-ccp-props=\"{&quot;335551550&quot;:1,&quot;335551620&quot;:1}\">\u00a0<\/span><\/p>\n<p><span data-contrast=\"auto\">El director de comunicaciones de la Arquidi\u00f3cesis, Tom Halden, supervisa Practicing Catholic y anunci\u00f3 que el padre Tom Margevi\u010dius y Leah Heselton ser\u00e1n los nuevos presentadores a partir de agosto. \u201cEstoy muy agradecido por los cimientos que Patrick ha ayudado a construir. Lo extra\u00f1ar\u00e9 como presentador, pero espero continuar nuestra amistad y escucharlo en Relevant Radio\u201d.\u201d <\/span><span data-ccp-props=\"{&quot;335551550&quot;:1,&quot;335551620&quot;:1}\">\u00a0<\/span><\/p>\n<p><span data-contrast=\"auto\">El padre Margevi\u010dius es una voz familiar para los oyentes de Practicing Catholic. Ha sido invitado habitual en Practicing Catholic durante muchos a\u00f1os, y su serie \u201cMass Class\u201d sigue siendo uno de los segmentos m\u00e1s populares del programa. Halden conf\u00eda en que el padre Margevi\u010dius, como sacerdote de la Arquidi\u00f3cesis de Saint Paul y Minneapolis durante m\u00e1s de 25 a\u00f1os, profesor de seminario, p\u00e1rroco, liturgista, m\u00fasico, narrador y mucho m\u00e1s, conectar\u00e1 de inmediato con los oyentes.<\/span><span data-ccp-props=\"{&quot;335551550&quot;:1,&quot;335551620&quot;:1}\">\u00a0<\/span><\/p>\n<p><span data-contrast=\"auto\">El padre Margevi\u010dius dijo: \u201cDecir que voy a \u2018reemplazar\u2019 a Patrick Conley no le hace justicia; \u00e9l es insustituible y todos le estamos agradecidos por su labor pionera. Estoy encantado de tomar las riendas que \u00e9l nos conf\u00eda a Leah y a m\u00ed para poder concentrarse en su formaci\u00f3n como di\u00e1cono permanente. \u00a1Qui\u00e9n sabe, quiz\u00e1 alg\u00fan d\u00eda podamos entrevistarlo!\u2019.\u201d<\/span><span data-ccp-props=\"{&quot;134233117&quot;:false,&quot;134233118&quot;:false,&quot;201341983&quot;:0,&quot;335551550&quot;:1,&quot;335551620&quot;:1,&quot;335559685&quot;:0,&quot;335559737&quot;:0,&quot;335559738&quot;:0,&quot;335559739&quot;:160,&quot;335559740&quot;:279}\">\u00a0<\/span><\/p>\n<p><span data-contrast=\"auto\">Leah Heselton tambi\u00e9n es conocida por los oyentes, ya que es la voz que presenta el programa Practicing Catholic desde 2024. Cat\u00f3lica de toda la vida de esta arquidi\u00f3cesis y profundamente vinculada a la fe, Heselton tiene una maestr\u00eda del programa de Estudios Cat\u00f3licos de la Universidad de St. Thomas y tambi\u00e9n ha sido invitada varias veces al programa Practicing Catholic. Halden dijo: \u2019Su amor por Cristo y su Iglesia y su alegr\u00eda son contagiosos. Estoy muy agradecido de que est\u00e9 ampliando su papel en la Oficina de Comunicaciones para incluir la copresentaci\u00f3n del programa\u201c.\u201d \u00a0<\/span><span data-ccp-props=\"{&quot;134233117&quot;:false,&quot;134233118&quot;:false,&quot;201341983&quot;:0,&quot;335551550&quot;:1,&quot;335551620&quot;:1,&quot;335559685&quot;:0,&quot;335559737&quot;:0,&quot;335559738&quot;:0,&quot;335559739&quot;:160,&quot;335559740&quot;:279}\">\u00a0<\/span><\/p>\n<p><span data-contrast=\"auto\">Heselton dijo: \u201cLa disposici\u00f3n de Patrick a escuchar las indicaciones del Esp\u00edritu Santo es una inspiraci\u00f3n para todos aquellos que tienen la oportunidad de conocerlo. Aunque todos extra\u00f1aremos a Patrick y sus incre\u00edbles habilidades como presentador, estoy agradecido por la oportunidad de presentar el programa con el padre Tom y seguir compartiendo las historias de esta Arquidi\u00f3cesis\u201d.\u201d <\/span><span data-ccp-props=\"{&quot;335551550&quot;:1,&quot;335551620&quot;:1}\">\u00a0<\/span><\/p>\n<p><span data-contrast=\"auto\">Paul Sadek seguir\u00e1 desempe\u00f1ando el cargo de productor t\u00e9cnico de Practicing Catholic, junto con la productora del programa, Rachael McCallum. Sadek tambi\u00e9n produce y presenta \u201cDaybreak\u201d en la cadena Relevant Radio. <\/span><span data-ccp-props=\"{&quot;335551550&quot;:1,&quot;335551620&quot;:1}\">\u00a0<\/span><\/p>\n<p><span data-contrast=\"auto\">Practicing Catholic se puede escuchar localmente los viernes por la noche a las 9 p. m., los s\u00e1bados a la 1 p. m. y los domingos a las 2 p. m. en Relevant Radio 1330 AM y en cualquier momento en las plataformas de podcasts m\u00e1s populares. <\/span><span data-ccp-props=\"{&quot;335551550&quot;:1,&quot;335551620&quot;:1}\">\u00a0<\/span><\/p>","protected":false},"excerpt":{"rendered":"<p>Despu\u00e9s de casi nueve a\u00f1os presentando Practicing Catholic, el programa de radio semanal y podcast de la Arquidi\u00f3cesis de Saint Paul y Minneapolis, Patrick Conley ha anunciado su salida.\u00a0<\/p>","protected":false},"author":6,"featured_media":9861,"comment_status":"closed","ping_status":"closed","sticky":false,"template":"","format":"standard","meta":{"footnotes":""},"categories":[14],"tags":[],"class_list":["post-9859","post","type-post","status-publish","format-standard","has-post-thumbnail","hentry","category-announcements"],"_links":{"self":[{"href":"https:\/\/www.archspm.org\/es\/wp-json\/wp\/v2\/posts\/9859","targetHints":{"allow":["GET"]}}],"collection":[{"href":"https:\/\/www.archspm.org\/es\/wp-json\/wp\/v2\/posts"}],"about":[{"href":"https:\/\/www.archspm.org\/es\/wp-json\/wp\/v2\/types\/post"}],"author":[{"embeddable":true,"href":"https:\/\/www.archspm.org\/es\/wp-json\/wp\/v2\/users\/6"}],"replies":[{"embeddable":true,"href":"https:\/\/www.archspm.org\/es\/wp-json\/wp\/v2\/comments?post=9859"}],"version-history":[{"count":0,"href":"https:\/\/www.archspm.org\/es\/wp-json\/wp\/v2\/posts\/9859\/revisions"}],"wp:featuredmedia":[{"embeddable":true,"href":"https:\/\/www.archspm.org\/es\/wp-json\/wp\/v2\/media\/9861"}],"wp:attachment":[{"href":"https:\/\/www.archspm.org\/es\/wp-json\/wp\/v2\/media?parent=9859"}],"wp:term":[{"taxonomy":"category","embeddable":true,"href":"https:\/\/www.archspm.org\/es\/wp-json\/wp\/v2\/categories?post=9859"},{"taxonomy":"post_tag","embeddable":true,"href":"https:\/\/www.archspm.org\/es\/wp-json\/wp\/v2\/tags?post=9859"}],"curies":[{"name":"wp","href":"https:\/\/api.w.org\/{rel}","templated":true}]}}